{"id":5861,"date":"2026-09-01T10:41:54","date_gmt":"2026-09-01T08:41:54","guid":{"rendered":"https:\/\/www.grand-angle-libertaire.net\/?p=5861"},"modified":"2026-09-01T15:46:12","modified_gmt":"2026-09-01T13:46:12","slug":"rene-lefeuvre-1902-1988-un-editeur-militant-radicalement-a-gauche-au-xxe-siecle","status":"publish","type":"post","link":"https:\/\/www.grand-angle-libertaire.net\/?p=5861","title":{"rendered":"Ren\u00e9 Lefeuvre (1902-1988)\u00a0: un \u00e9diteur militant radicalement \u00e0 gauche au XXe si\u00e8cle"},"content":{"rendered":"<p align=\"justify\"><span style=\"font-family: Arial, serif;\"><span style=\"font-size: medium;\">La r\u00e9cente publication d\u2019une biographie \u00e9crite par Denis Heudr\u00e9, <\/span><\/span><a href=\"https:\/\/www.syllepse.net\/la-veritable-histoire-d-un-petit-gars-monte-a-paris-pour-faire-la-revolution-_r_88_i_1161.html\"><span style=\"font-family: Arial, serif;\"><span style=\"font-size: medium;\"><i>La v\u00e9ritable histoire d\u2019un petit gars mont\u00e9 \u00e0 Paris pour faire la R\u00e9volution. Ren\u00e9 Lefeuvre dans les combats du XX<\/i><\/span><\/span><sup><span style=\"font-family: Arial, serif;\"><span style=\"font-size: medium;\"><i>e<\/i><\/span><\/span><\/sup><span style=\"font-family: Arial, serif;\"><span style=\"font-size: medium;\"><i> si\u00e8cle<\/i><\/span><\/span><\/a><span style=\"font-family: Arial, serif;\"><span style=\"font-size: medium;\"> (pr\u00e9face de Daniel Guerrier, Paris, \u00c9ditions Syllepse, mars 2026, 144 p.), nous permet de revenir sur la figure d\u2019un socialiste libertaire, des ann\u00e9es 1930 aux ann\u00e9es 1970, trop souvent oubli\u00e9e aujourd\u2019hui. Il s\u2019agit de <a href=\"https:\/\/maitron.fr\/lefeuvre-rene-lefeuvre-joseph-pierre-marie-dit\/\">Ren\u00e9 Lefeuvre (1902-1988)<\/a>, fondateur des \u00c9ditions Spartacus (1936-2022), qui ont publi\u00e9 Karl Marx et Friedrich Engels, des marxistes h\u00e9r\u00e9tiques (Rosa Luxemburg, la pr\u00e9f\u00e9r\u00e9e de Lefeuvre, Ante Ciliga, Karl Korsch, Anton Pannekoek, Victoir Serge, Boris Souvarine\u2026), des socialistes (comme Jean Jaur\u00e8s, Jules Guesde et Colette Audry), des auteurs entre marxisme et anarchisme (comme Daniel Gu\u00e9rin) et des libertaires (Ida Mett, Andr\u00e9 Prudhommeaux, Alexandre Skirda\u2026). <\/span><\/span><\/p>\n<p align=\"justify\"><span style=\"font-family: Arial, serif;\"><span style=\"font-size: medium;\">Ce dossier se compose de deux textes\u00a0:<\/span><\/span><\/p>\n<ul>\n<li><span style=\"font-family: Arial, serif;\"><span style=\"font-size: medium;\">une recension du livre de Denis Heudr\u00e9 par Philippe Corcuff (co-animateur du site libertaire Grand Angle) ;<\/span><\/span><\/li>\n<li><span style=\"font-family: Arial, serif;\"><span style=\"font-size: medium;\">un entretien r\u00e9alis\u00e9 avec Ren\u00e9 Lefeuvre en 1984 par Philippe Corcuff, dont la version int\u00e9grale est in\u00e9dite.<\/span><\/span><\/li>\n<\/ul>\n<p align=\"justify\"><span style=\"font-family: Arial, serif;\"><span style=\"font-size: medium;\">************************************<\/span><\/span><\/p>\n<p align=\"justify\"><span style=\"font-family: Arial, serif;\"><span style=\"font-size: large;\"><b>Sur le livre de Denis Heudr\u00e9, \u00ab\u00a0La v\u00e9ritable histoire d\u2019un petit gars mont\u00e9 \u00e0 Paris pour faire la R\u00e9volution\u00a0\u00bb (2026)<\/b><\/span><\/span><\/p>\n<p align=\"justify\"><span style=\"font-family: Arial, serif;\"><span style=\"font-size: large;\"><b>Par Philippe Corcuff<\/b><\/span><\/span><\/p>\n<p align=\"justify\"><span style=\"font-family: Arial, serif;\"><span style=\"font-size: medium;\">Denis Heudr\u00e9 est un po\u00e8te breton, et il s\u2019est passionn\u00e9 pour la vie d\u2019un autre Breton\u00a0: Ren\u00e9 Lefeuvre (1902-1988). Il nous livre alors la biographie sensible d\u2019un personnage attachant. Comme le note le journal en ligne <\/span><\/span><span style=\"font-family: Arial, serif;\"><span style=\"font-size: medium;\"><i>Zones subversives<\/i><\/span><\/span><span style=\"font-family: Arial, serif;\"><span style=\"font-size: medium;\"> dans sa recension du livre le 18 juin 2026, <a href=\"https:\/\/www.zones-subversives.com\/2026\/05\/le-socialisme-de-rene-lefeuvre.html\">\u00ab\u00a0Ren\u00e9 Lefeuvre incarne le meilleur des traditions du mouvement ouvrier.\u00a0\u00bb<\/a><\/span><\/span><\/p>\n<p align=\"justify\"><img data-recalc-dims=\"1\" loading=\"lazy\" decoding=\"async\" class=\"wp-image-5863 alignleft\" src=\"https:\/\/i0.wp.com\/www.grand-angle-libertaire.net\/wp-content\/uploads\/2026\/08\/Couverture-livre-D.-Heudre-sur-R.-Lefeuvre.jpg?resize=183%2C303&#038;ssl=1\" alt=\"\" width=\"183\" height=\"303\" srcset=\"https:\/\/i0.wp.com\/www.grand-angle-libertaire.net\/wp-content\/uploads\/2026\/08\/Couverture-livre-D.-Heudre-sur-R.-Lefeuvre.jpg?resize=121%2C200&amp;ssl=1 121w, https:\/\/i0.wp.com\/www.grand-angle-libertaire.net\/wp-content\/uploads\/2026\/08\/Couverture-livre-D.-Heudre-sur-R.-Lefeuvre.jpg?resize=620%2C1024&amp;ssl=1 620w, https:\/\/i0.wp.com\/www.grand-angle-libertaire.net\/wp-content\/uploads\/2026\/08\/Couverture-livre-D.-Heudre-sur-R.-Lefeuvre.jpg?w=726&amp;ssl=1 726w\" sizes=\"auto, (max-width: 183px) 100vw, 183px\" \/><\/p>\n<p align=\"justify\"><span style=\"font-family: Arial, serif;\"><span style=\"font-size: medium;\">Ren\u00e9 Lefeuvre est le fils d\u2019un artisan ma\u00e7on dans le d\u00e9partement de l\u2019Ille-et-Vilaine. La famille aura six enfants. Son pr\u00e9nom est Joseph, mais il se fera appeler dans les milieux militants parisiens Ren\u00e9 en souvenir du pr\u00e9nom de son grand fr\u00e8re mort \u00e0 l\u2019\u00e2ge de 10 ans en 1910. C\u2019est dans le cadre de son service militaire que Joseph arrive \u00e0 Paris en 1922 et qu\u2019il se familiarise avec la presse socialiste et communiste. D\u2019abord ma\u00e7on comme son p\u00e8re, il cr\u00e9e une entreprise de b\u00e2timent en banlieue, mais fera faillite. Il deviendra par la suite correcteur d\u2019imprimerie, cette fili\u00e8re courante pour les intellectuels autodidactes du mouvement ouvrier. Il lit la socialiste r\u00e9volutionnaire et d\u00e9mocrate polonaise et allemande Rosa Luxemburg (1871-1919), qui demeurera toute sa vie sa r\u00e9f\u00e9rence privil\u00e9gi\u00e9e. Il fr\u00e9quente des figures du communisme h\u00e9r\u00e9tique comme Boris Souvarine, mais aussi un cin\u00e9aste comme Marcel Carn\u00e9, et entretient une correspondance avec la philosophe Simone Weil. Il cr\u00e9e la revue <\/span><\/span><span style=\"font-family: Arial, serif;\"><span style=\"font-size: medium;\"><i>Masses<\/i><\/span><\/span><span style=\"font-family: Arial, serif;\"><span style=\"font-size: medium;\"> en 1933, puis les \u00e9ditions Spartacus en 1936. Tant son anti-stalinisme que son antifascisme se d\u00e9veloppent. Il rejoint la gauche du Parti socialiste-SFIO (Section fran\u00e7aise de l\u2019Internationale ouvri\u00e8re) en 1934. En 1939, il accepte la mobilisation face \u00e0 la menace nazie, car contrairement \u00e0 nombre de ses camarades, il ne croit pas que le pacifisme n\u00e9 de la Premi\u00e8re Guerre mondiale pourrait r\u00e9pondre \u00e0 la question de l\u2019hitl\u00e9risme. Arr\u00eat\u00e9 \u00e0 Dunkerque en 1940, il passera toute la guerre en Allemagne comme prisonnier en stalag. Il revient \u00e0 la SFIO \u00e0 son retour en France \u00e0 la Lib\u00e9ration et relance alors ses activit\u00e9s \u00e9ditoriales. Mais il quitte le PS en 1956, en d\u00e9saccord avec son implication dans la guerre coloniale en Alg\u00e9rie. Il faudra attendre Mai 68 pour que l\u2019\u00e9dition militante radicale retrouve un boum\u2026<\/span><\/span><\/p>\n<p align=\"justify\"><span style=\"font-family: Arial, serif;\"><span style=\"font-size: medium;\">Le petit ouvrage de Denis Heudr\u00e9 nous apprend plein de d\u00e9tails sur une personne singuli\u00e8re mais aussi, \u00e0 travers elle, sur les contextes politiques successifs qu\u2019il traverse et au sein desquels il agit. Il y a aussi les zones o\u00f9 l\u2019intime croise plus directement le politique\u00a0: Ren\u00e9 Lefeuvre vit son homosexualit\u00e9 pendant longtemps de mani\u00e8re cach\u00e9e, m\u00e9fiant \u00e0 l\u2019\u00e9gard de l\u2019homophobie de son milieu social familial comme des univers militants de l\u2019\u00e9poque. Mai 68 donnera un peu plus d\u2019air, mais il demeurera volontairement discret.<\/span><\/span><\/p>\n<p align=\"justify\"><span style=\"font-family: Arial, serif;\"><span style=\"font-size: medium;\">Merci \u00e0 Denis Heudr\u00e9 d\u2019avoir associ\u00e9 ainsi dans une \u00e9criture humaniste l\u2019individuel et le collectif, l\u2019histoire et la politique radicale\u00a0! On peut aussi se tourner vers le film documentaire de 40 mn r\u00e9alis\u00e9 en 2008 par Julien Chuzeville\u00a0: <\/span><\/span><span style=\"font-family: Arial, serif;\"><span style=\"font-size: medium;\"><i>Ren\u00e9 Lefeuvre, pour le socialisme et la libert\u00e9<\/i><\/span><\/span><span style=\"font-family: Arial, serif;\"><span style=\"font-size: medium;\">, <a href=\"https:\/\/www.film-documentaire.fr\/4DACTION\/w_fiche_film\/20339\">https:\/\/www.film-documentaire.fr\/4DACTION\/w_fiche_film\/20339<\/a>. <\/span><\/span><\/p>\n<p align=\"justify\"><span style=\"font-family: Arial, serif;\"><span style=\"font-size: medium;\">************************************<\/span><\/span><\/p>\n<p align=\"justify\"><span style=\"font-family: Arial, serif;\"><span style=\"font-size: large;\"><b>Stalinisme, gauche socialiste du Front populaire, guerre d\u2019Espagne, Allemagne nazie, guerre d\u2019Alg\u00e9rie, Mai 68\u2026\u00a0: un itin\u00e9raire militant<\/b><\/span><\/span><\/p>\n<p align=\"justify\"><span style=\"font-family: Arial, serif;\"><span style=\"font-size: large;\"><b>Entretien de Philippe Corcuff avec Ren\u00e9 Lefeuvre (1984)<\/b><\/span><\/span><\/p>\n<p align=\"justify\"><span style=\"font-family: Arial, serif;\"><span style=\"font-size: medium;\">*************************************<\/span><\/span><\/p>\n<p align=\"justify\"><span style=\"font-family: Arial, serif;\"><span style=\"font-size: medium;\"><b>Introduction : Les gauches ont \u00e0 se r\u00e9inventer, mais pas en perdant la m\u00e9moire !<\/b><\/span><\/span><\/p>\n<p align=\"justify\"><span style=\"font-family: Arial, serif;\"><span style=\"font-size: medium;\">J\u2019ai r\u00e9alis\u00e9 cet entretien avec Ren\u00e9 Lefeuvre le 17 d\u00e9cembre 1984 pour la revue <\/span><\/span><span style=\"font-family: Arial, serif;\"><span style=\"font-size: medium;\"><i>En Jeu. Pour la R\u00e9publique et le socialisme<\/i><\/span><\/span><span style=\"font-family: Arial, serif;\"><span style=\"font-size: medium;\"> \u00e0 son domicile, 5 rue Sainte-Croix-de-la Bretonnerie dans le 4<\/span><\/span><sup><span style=\"font-family: Arial, serif;\"><span style=\"font-size: medium;\">e<\/span><\/span><\/sup><span style=\"font-family: Arial, serif;\"><span style=\"font-size: medium;\"> arrondissement de Paris. Ce quartier du Marais, d\u00e9j\u00e0 en voie de gentrification, avait toutefois encore \u00e0 l\u2019\u00e9poque quelques zones populaires. Une version l\u00e9g\u00e8rement raccourcie de l\u2019entretien que publie ci-apr\u00e8s Grand Angle a paru en 1985 dans le num\u00e9ro 24 d\u2019<\/span><\/span><span style=\"font-family: Arial, serif;\"><span style=\"font-size: medium;\"><i>En Jeu<\/i><\/span><\/span><span style=\"font-family: Arial, serif;\"><span style=\"font-size: medium;\"> sous le titre \u00ab\u00a0Un militant nomm\u00e9 Lefeuvre\u00a0\u00bb. La version int\u00e9grale propos\u00e9e ici est in\u00e9dite. Je l\u2019avais conserv\u00e9 dans un document manuscrit \u00e0 la main.<\/span><\/span><\/p>\n<p align=\"justify\"><span style=\"font-family: Arial, serif;\"><span style=\"font-size: medium;\">J\u2019\u00e9tais en ce mois de d\u00e9cembre 1984 \u00e9tudiant en DEA de sociologie \u00e0 l\u2019\u00c9cole des Hautes \u00c9tudes en Sciences Sociales et militant d\u2019un courant marxiste, le CERES (Centre d\u2019\u00e9tudes, de recherches et d\u2019\u00e9ducation socialiste), au sein du Parti socialiste\u00a0: depuis septembre 1976 au sein du Mouvement de la jeunesse socialiste et \u00e0 partir de la campagne des \u00e9lections municipales de mars 1977 au sein du Parti socialiste. En mars 1983, j\u2019avais \u00e9t\u00e9 \u00e9lu conseiller municipal de la commune de Floirac, dans la p\u00e9riph\u00e9rie populaire de Bordeaux, l\u00e0 o\u00f9 vivait mes parents, sur une liste d\u2019Union de la gauche \u00e0 majorit\u00e9 socialiste. La revue <\/span><\/span><span style=\"font-family: Arial, serif;\"><span style=\"font-size: medium;\"><i>En jeu<\/i><\/span><\/span><span style=\"font-family: Arial, serif;\"><span style=\"font-size: medium;\"> (1983-1986) \u00e9tait dirig\u00e9e implicitement (pas formellement sur le papier) par <a href=\"https:\/\/shs.cairn.info\/revue-francaise-d-histoire-des-idees-politiques-2024-1\">Didier Motchane (1931-2017)<\/a>, un des principaux animateurs du CERES, et l\u2019\u00e9crivain Jacques-Arnaud Penent en \u00e9tait le r\u00e9dacteur en chef. <\/span><\/span><span style=\"font-family: Arial, serif;\"><span style=\"font-size: medium;\"><i>En Jeu<\/i><\/span><\/span><span style=\"font-family: Arial, serif;\"><span style=\"font-size: medium;\">, mensuel, se situait dans la p\u00e9riph\u00e9rie du CERES, mais avec des intellectuels qui n\u2019en \u00e9taient pas membres (tels que l\u2019anthropologue G\u00e9rard Althabe, les sociologues Dani\u00e8le Linhart et Pierre Rolle, le chercheur en sciences de l\u2019information et de la communication Armand Mattelart, ou le chercheur en g\u00e9opolitique Alain Joxe). Je m\u2019inscrivais encore dans un marxisme autogestionnaire et anti-l\u00e9niniste, dont la figure de r\u00e9f\u00e9rence principale \u00e9tait Rosa Luxemburg (1871-1919). C\u2019est l\u2019approfondissement de ma rencontre avec la sociologie post-marxiste de Pierre Bourdieu qui me conduira, peu de temps apr\u00e8s, au milieu des ann\u00e9es 1980, \u00e0 ne plus me d\u00e9finir comme \u00ab\u00a0marxiste\u00a0\u00bb, Marx et Rosa Luxemburg demeurant toutefois des r\u00e9f\u00e9rences importantes jusqu\u2019\u00e0 aujourd\u2019hui. Mon m\u00e9moire de fin d\u2019ann\u00e9e de l\u2019Institut d\u2019\u00c9tudes Politiques de Bordeaux, en 1981-1982, \u00e9tait intitul\u00e9 <\/span><\/span><span style=\"font-family: Arial, serif;\"><span style=\"font-size: medium;\"><i>Parti et masses dans l\u2019action r\u00e9volutionnaire : lectures, \u00e9crits et pratiques de Rosa Luxemburg<\/i><\/span><\/span><span style=\"font-family: Arial, serif;\"><span style=\"font-size: medium;\">. Je connaissais donc les \u00e9ditions Spartacus. Cela concernait bien s\u00fbr les \u00e9crits de Rosa Luxemburg, mais ma pente anti-l\u00e9niniste s\u2019int\u00e9ressait aussi \u00e0 des auteurs partisans des conseils ouvriers dits \u00ab\u00a0conseillistes\u00a0\u00bb (comme Anton Pannekoek et Karl Korsch) ou des critiques anarchistes du bolchevisme. J\u2019avais donc des affinit\u00e9s avec Ren\u00e9 Lefeuvre et c\u2019est pourquoi j\u2019ai propos\u00e9 \u00e0 la r\u00e9daction d\u2019<\/span><\/span><span style=\"font-family: Arial, serif;\"><span style=\"font-size: medium;\"><i>En Jeu <\/i><\/span><\/span><span style=\"font-family: Arial, serif;\"><span style=\"font-size: medium;\">de faire un entretien avec lui, quand j\u2019ai appris qu\u2019il \u00e9tait toujours vivant \u00e0 Paris. Et, de ma prime socialisation politique \u00e0 la fin des ann\u00e9es 1970, j\u2019avais notamment gard\u00e9 le souci de la m\u00e9moire du mouvement ouvrier et socialiste ainsi que de sa transmission \u00e0 travers les g\u00e9n\u00e9rations. La rupture de cette transmission \u00e0 partir de la seconde moiti\u00e9 des ann\u00e9es 1980 constitue une composante peu explor\u00e9e de la crise intellectuelle, \u00e9thique et politique des gauches aujourd\u2019hui. Il s\u2019est av\u00e9r\u00e9 au cours de mes \u00e9changes avec Ren\u00e9 Lefeuvre, hors m\u00eame de l\u2019entretien alors enregistr\u00e9 sur cassette, qu\u2019il avait gard\u00e9 un attachement sentimental au Parti socialiste, ayant \u00e9t\u00e9 membre du Parti socialiste-SFIO<\/span><\/span><a class=\"sdfootnoteanc\" href=\"about:blank#sdfootnote1sym\" name=\"sdfootnote1anc\"><sup><span style=\"font-size: xx-small;\">1<\/span><\/sup><\/a><span style=\"font-family: Arial, serif;\"><span style=\"font-size: medium;\"> avant et apr\u00e8s la guerre. Et cela bien que gravitaient autour des \u00e9ditions Spartacus \u00e0 ce moment-l\u00e0 de jeunes militants d\u2019\u00ab\u00a0ultra-gauche\u00a0\u00bb (cette d\u00e9nomination renvoyait \u00e0 une zone distincte de l\u2019\u00ab\u00a0extr\u00eame gauche\u00a0\u00bb trotskyste et mao\u00efste voyant se c\u00f4toyer et s\u2019hybrider des sensibilit\u00e9s marxistes anti-l\u00e9ninistes, conseillistes, situationnistes et communistes libertaires). Cependant, comme Rosa Luxemburg et\u2026 comme moi \u00e0 l\u2019\u00e9poque, Lefeuvre \u00e9tait largement demeur\u00e9, encore en 1984, un social-d\u00e9mocrate de gauche. Et, d\u2019ailleurs, au cours de la conversation, il pouvait dire <\/span><\/span><span style=\"font-family: Arial, serif;\"><span style=\"font-size: medium;\"><i>\u00ab\u00a0le Parti\u00a0\u00bb<\/i><\/span><\/span><span style=\"font-family: Arial, serif;\"><span style=\"font-size: medium;\"> \u00e0 propos du PS, comme d\u2019anciens militants communistes peuvent dire <\/span><\/span><span style=\"font-family: Arial, serif;\"><span style=\"font-size: medium;\"><i>\u00ab\u00a0le Parti\u00a0\u00bb<\/i><\/span><\/span><span style=\"font-family: Arial, serif;\"><span style=\"font-size: medium;\"> \u00e0 propos d\u2019un PCF qu\u2019ils ont pu quitter bien longtemps auparavant. Ce qui semblait \u00e9nerver les jeunes militants \u00ab\u00a0gauchistes\u00a0\u00bb autour de lui, m\u00e9fiants \u00e0 l\u2019\u00e9gard de ma pr\u00e9sence et qui n\u2019ont pas appr\u00e9ci\u00e9 l\u2019entretien publi\u00e9 dans <\/span><\/span><span style=\"font-family: Arial, serif;\"><span style=\"font-size: medium;\"><i>En Jeu<\/i><\/span><\/span><span style=\"font-family: Arial, serif;\"><span style=\"font-size: medium;\"> (comme me l\u2019a indiqu\u00e9 apr\u00e8s sa parution Ren\u00e9 au t\u00e9l\u00e9phone sur un ton espi\u00e8gle).<\/span><\/span><\/p>\n<p align=\"justify\"><span style=\"font-family: Arial, serif;\"><span style=\"font-size: medium;\">Une radicalit\u00e9 associ\u00e9e \u00e0 un fort pragmatisme, une m\u00e9moire critique des combats \u00e9mancipateurs ne faisant pas l\u2019impasse sur les crimes staliniens et les pratiques autoritaires l\u00e9ninistes, une humilit\u00e9 dans son rapport au monde, une distance vis-\u00e0-vis des mythologisations si pr\u00e9gnantes dans les milieux militants et une ironie vis-\u00e0-vis de lui-m\u00eame transparaissent dans cet entretien qui suit la travers\u00e9e du XX<\/span><\/span><sup><span style=\"font-family: Arial, serif;\"><span style=\"font-size: medium;\">e<\/span><\/span><\/sup><span style=\"font-family: Arial, serif;\"><span style=\"font-size: medium;\"> si\u00e8cle d\u2019un v\u00e9ritable <\/span><\/span><span style=\"font-family: Arial, serif;\"><span style=\"font-size: medium;\"><i>intellectuel populaire<\/i><\/span><\/span><span style=\"font-family: Arial, serif;\"><span style=\"font-size: medium;\">, figure qui a tendu \u00e0 dispara\u00eetre depuis, mais qui a eu une certaine place dans l\u2019histoire du mouvement ouvrier et socialiste.<\/span><\/span><\/p>\n<p align=\"justify\"><span style=\"font-family: Arial, serif;\"><span style=\"font-size: medium;\">J\u2019ai ajout\u00e9 des notes de bas de page sur une brochette de personnages de l\u2019\u00e9poque cit\u00e9s par Lefeuvre au cours de l\u2019entretien. Par ailleurs, un hyperlien renvoie \u00e0 la fiche dans le <\/span><\/span><span style=\"font-family: Arial, serif;\"><span style=\"font-size: medium;\"><i>Dictionnaire biographique du mouvement ouvrier<\/i><\/span><\/span><span style=\"font-family: Arial, serif;\"><span style=\"font-size: medium;\"> dit <a href=\"https:\/\/maitron.fr\/\">Maitron<\/a> des personnes cit\u00e9es, dans le corps du texte ou dans les notes de bas de page. \u00c0 l\u2019occasion d\u2019un itin\u00e9raire singulier, ce sont ainsi des pans importants de l\u2019histoire de la gauche fran\u00e7aise et de la gauche internationale au XX<\/span><\/span><sup><span style=\"font-family: Arial, serif;\"><span style=\"font-size: medium;\">e<\/span><\/span><\/sup><span style=\"font-family: Arial, serif;\"><span style=\"font-size: medium;\"> si\u00e8cle qui sont ainsi signal\u00e9s via le paratexte constitu\u00e9 notamment par les notes de bas de page. Les gauches ont \u00e0 se r\u00e9inventer, mais pas en perdant la m\u00e9moire\u00a0!<\/span><\/span><\/p>\n<p align=\"right\"><span style=\"font-family: Arial, serif;\"><span style=\"font-size: medium;\"><b>Philippe Corcuff, 30 ao\u00fbt 2026<\/b><\/span><\/span><\/p>\n<p align=\"justify\"><span style=\"font-family: Arial, serif;\"><span style=\"font-size: medium;\">*************************************<\/span><\/span><\/p>\n<p align=\"justify\"><span style=\"font-family: Arial, serif;\"><span style=\"font-size: medium;\"><b>Comment on devient anti-stalinien<\/b><\/span><\/span><\/p>\n<p align=\"justify\"><span style=\"font-family: Arial, serif;\"><span style=\"font-size: medium;\"><b>Philippe Corcuff<\/b><\/span><\/span><span style=\"font-family: Arial, serif;\"><span style=\"font-size: medium;\">\u00a0: Tu pourrais rappeler dans quelles circonstances la revue <\/span><\/span><span style=\"font-family: Arial, serif;\"><span style=\"font-size: medium;\"><i>Masses<\/i><\/span><\/span><a class=\"sdfootnoteanc\" href=\"about:blank#sdfootnote2sym\" name=\"sdfootnote2anc\"><sup><span style=\"font-size: xx-small;\">2<\/span><\/sup><\/a><span style=\"font-family: Arial, serif;\"><span style=\"font-size: medium;\"> prend position pour la lib\u00e9ration de Victor Serge<\/span><\/span><a class=\"sdfootnoteanc\" href=\"about:blank#sdfootnote3sym\" name=\"sdfootnote3anc\"><sup><span style=\"font-size: xx-small;\">3<\/span><\/sup><\/a><span style=\"font-family: Arial, serif;\"><span style=\"font-size: medium;\"> emprisonn\u00e9 alors en URSS\u00a0?<\/span><\/span><\/p>\n<p align=\"justify\"><span style=\"font-family: Arial, serif;\"><span style=\"font-size: medium;\"><b>Ren\u00e9 Lefeuvre<\/b><\/span><\/span><span style=\"font-family: Arial, serif;\"><span style=\"font-size: medium;\">\u00a0: Les \u00ab\u00a0Amis de <\/span><\/span><span style=\"font-family: Arial, serif;\"><span style=\"font-size: medium;\"><i>Monde<\/i><\/span><\/span><span style=\"font-family: Arial, serif;\"><span style=\"font-size: medium;\">\u00a0\u00bb \u00e9taient compos\u00e9s des amis du journal, de tendances diverses, attir\u00e9s par le nom de Barbusse<\/span><\/span><a class=\"sdfootnoteanc\" href=\"about:blank#sdfootnote4sym\" name=\"sdfootnote4anc\"><sup><span style=\"font-size: xx-small;\">4<\/span><\/sup><\/a><span style=\"font-family: Arial, serif;\"><span style=\"font-size: medium;\">. Beaucoup \u00e9taient sympathisants de l\u2019URSS, mais en faisant des r\u00e9serves. Il y avait quand m\u00eame parmi nous des communistes, qui savaient ou qui ne savaient pas. Mais \u00e7a ne donnait pas lieu \u00e0 discussion. Sauf lorsqu\u2019on a compos\u00e9 le comit\u00e9 de r\u00e9daction de la revue <\/span><\/span><span style=\"font-family: Arial, serif;\"><span style=\"font-size: medium;\"><i>Masses<\/i><\/span><\/span><span style=\"font-family: Arial, serif;\"><span style=\"font-size: medium;\">. L\u00e0, les positions se sont davantage r\u00e9v\u00e9l\u00e9es. Et \u00e0 l\u2019occasion de l\u2019affaire Victor Serge, je voulais une prise de position tr\u00e8s nette, qui suivait un peu <\/span><\/span><span style=\"font-family: Arial, serif;\"><span style=\"font-size: medium;\"><i>La critique sociale<\/i><\/span><\/span><span style=\"font-family: Arial, serif;\"><span style=\"font-size: medium;\"> de Souvarine<\/span><\/span><a class=\"sdfootnoteanc\" href=\"about:blank#sdfootnote5sym\" name=\"sdfootnote5anc\"><sup><span style=\"font-size: xx-small;\">5<\/span><\/sup><\/a><span style=\"font-family: Arial, serif;\"><span style=\"font-size: medium;\"> \u2013 j\u2019\u00e9tais membre d\u2019ailleurs du Cercle communiste d\u00e9mocratique \u00e0 l\u2019\u00e9poque \u2013 et j\u2019\u00e9tais pour qu\u2019on fonce sur ce sujet. J\u2019ai tout juste pu dans un des premiers num\u00e9ros de <\/span><\/span><span style=\"font-family: Arial, serif;\"><span style=\"font-size: medium;\"><i>Masses<\/i><\/span><\/span><span style=\"font-family: Arial, serif;\"><span style=\"font-size: medium;\"> poser la question\u00a0: \u00ab\u00a0Que devient Victor Serge\u00a0?\u00a0\u00bb Et \u00e7a a suffi \u00e0 d\u00e9clencher la rage des copains. Mais, assez hypocritement, seulement dans le petit noyau r\u00e9dactionnel, en se gardant bien de poser le probl\u00e8me devant tout le monde. Alors, dans le num\u00e9ro suivant, j\u2019ai plus nettement expliqu\u00e9 le cas Victor Serge, quelle \u00e9tait sa valeur et comment on consid\u00e9rait que sa vie \u00e9tait en cause, \u00e9tant donn\u00e9 ce qu\u2019on savait d\u00e9j\u00e0 de ce qui se passait l\u00e0-bas. Plus tard, avec les <\/span><\/span><span style=\"font-family: Arial, serif;\"><span style=\"font-size: medium;\"><i>Cahiers Spartacus<\/i><\/span><\/span><a class=\"sdfootnoteanc\" href=\"about:blank#sdfootnote6sym\" name=\"sdfootnote6anc\"><sup><span style=\"font-size: xx-small;\">6<\/span><\/sup><\/a><span style=\"font-family: Arial, serif;\"><span style=\"font-size: medium;\">, Victor Serge enfin lib\u00e9r\u00e9 et de retour d\u2019URSS collabora \u00e0 mon travail<\/span><\/span><a class=\"sdfootnoteanc\" href=\"about:blank#sdfootnote7sym\" name=\"sdfootnote7anc\"><sup><span style=\"font-size: xx-small;\">7<\/span><\/sup><\/a><span style=\"font-family: Arial, serif;\"><span style=\"font-size: medium;\">.<\/span><\/span><\/p>\n<p align=\"justify\"><span style=\"font-family: Arial, serif;\"><span style=\"font-size: medium;\"><b>Ph. C.<\/b><\/span><\/span><span style=\"font-family: Arial, serif;\"><span style=\"font-size: medium;\">\u00a0: Quand va se faire chez toi la rupture avec le stalinisme, puis le bolchevisme\u00a0?<\/span><\/span><\/p>\n<p align=\"justify\"><span style=\"font-family: Arial, serif;\"><span style=\"font-size: medium;\"><b>R. L.<\/b><\/span><\/span><span style=\"font-family: Arial, serif;\"><span style=\"font-size: medium;\">\u00a0: J\u2019\u00e9tais soldat \u00e0 Paris. Et pendant ces ann\u00e9es 1923-24, j\u2019achetai le <\/span><\/span><a href=\"https:\/\/fr.wikisource.org\/wiki\/Bulletin_communiste\"><span style=\"font-family: Arial, serif;\"><span style=\"font-size: medium;\"><i>Bulletin communiste<\/i><\/span><\/span><\/a><span style=\"font-family: Arial, serif;\"><span style=\"font-size: medium;\"> de Souvarine [1920-1933]. Bien entendu quand Souvarine a \u00e9t\u00e9 exclu du PC [en juillet 1924], \u00e7a m\u2019a pos\u00e9 des questions. Mais je n\u2019\u00e9tais pas \u00e0 ce moment-l\u00e0 suffisamment form\u00e9 politiquement pour en tirer toutes les conclusions.<\/span><\/span><\/p>\n<p align=\"justify\"><span style=\"font-family: Arial, serif;\"><span style=\"font-size: medium;\"><b>Ph. C.<\/b><\/span><\/span><span style=\"font-family: Arial, serif;\"><span style=\"font-size: medium;\">\u00a0: Tu n\u2019as jamais adh\u00e9r\u00e9 au PC\u00a0?<\/span><\/span><\/p>\n<p align=\"justify\"><span style=\"font-family: Arial, serif;\"><span style=\"font-size: medium;\"><b>R. L.<\/b><\/span><\/span><span style=\"font-family: Arial, serif;\"><span style=\"font-size: medium;\">\u00a0: Non, jamais. J\u2019ai sympathis\u00e9 seulement un temps. Mais quand j\u2019ai \u00e9t\u00e9 nomm\u00e9 secr\u00e9taire des \u00ab\u00a0Amis de <\/span><\/span><span style=\"font-family: Arial, serif;\"><span style=\"font-size: medium;\"><i>Monde<\/i><\/span><\/span><span style=\"font-family: Arial, serif;\"><span style=\"font-size: medium;\">\u00a0\u00bb [en 1930], je fr\u00e9quentais d\u00e9j\u00e0 les cercles de Souvarine. Et les questions que je posais \u00e0 l\u2019\u00e9gard de l\u2019URSS impliquaient des r\u00e9serves tr\u00e8s grandes. Mais je n\u2019avais pas \u00e0 provoquer des discussions \u00e0 ce sujet dans le groupe. On faisait quand m\u00eame des conf\u00e9rences d\u2019un esprit aussi large que possible. Et il \u00e9tait difficile aux r\u00e9dacteurs de <\/span><\/span><span style=\"font-family: Arial, serif;\"><span style=\"font-size: medium;\"><i>Monde<\/i><\/span><\/span><span style=\"font-family: Arial, serif;\"><span style=\"font-size: medium;\"> qui \u00e9taient des antistaliniens convaincus, comme Rossi<\/span><\/span><a class=\"sdfootnoteanc\" href=\"about:blank#sdfootnote8sym\" name=\"sdfootnote8anc\"><sup><span style=\"font-size: xx-small;\">8<\/span><\/sup><\/a><span style=\"font-family: Arial, serif;\"><span style=\"font-size: medium;\"> et Laurat<\/span><\/span><a class=\"sdfootnoteanc\" href=\"about:blank#sdfootnote9sym\" name=\"sdfootnote9anc\"><sup><span style=\"font-size: xx-small;\">9<\/span><\/sup><\/a><span style=\"font-family: Arial, serif;\"><span style=\"font-size: medium;\">, de ne pas faire passer \u00e0 travers leurs interventions leurs r\u00e9serves, qui \u00e9taient d\u2019ailleurs fort bien per\u00e7ues par les camarades un peu avertis. Mais l\u2019ensemble du groupe pouvait difficilement prendre une position ouvertement anti-stalinienne. Par contre, dans <\/span><\/span><span style=\"font-family: Arial, serif;\"><span style=\"font-size: medium;\"><i>Masses<\/i><\/span><\/span><span style=\"font-family: Arial, serif;\"><span style=\"font-size: medium;\">, j\u2019ai publi\u00e9 des articles doctrinaux qui affirmaient des positions en rupture avec le bolchevisme<\/span><\/span><\/p>\n<p align=\"justify\"><span style=\"font-family: Arial, serif;\"><span style=\"font-size: medium;\"><b>Ph. C.<\/b><\/span><\/span><span style=\"font-family: Arial, serif;\"><span style=\"font-size: medium;\">\u00a0: De qui \u00e9taient compos\u00e9s ces groupes d\u2019\u00e9tudes des \u00ab\u00a0Amis de <\/span><\/span><span style=\"font-family: Arial, serif;\"><span style=\"font-size: medium;\"><i>Monde<\/i><\/span><\/span><span style=\"font-family: Arial, serif;\"><span style=\"font-size: medium;\">\u00a0\u00bb\u00a0?<\/span><\/span><\/p>\n<p align=\"justify\"><span style=\"font-family: Arial, serif;\"><span style=\"font-size: medium;\"><b>R. L.<\/b><\/span><\/span><span style=\"font-family: Arial, serif;\"><span style=\"font-size: medium;\">\u00a0: Personnellement, j\u2019appartenais \u00e0 un syndicat, l\u2019USTEI [Union syndicale des techniciens et employ\u00e9s de l\u2019industrie], une filiale de l\u2019ancienne USTICA [Union syndicale des techniciens de l\u2019industrie, du commerce et de l\u2019agriculture]<\/span><\/span><a class=\"sdfootnoteanc\" href=\"about:blank#sdfootnote10sym\" name=\"sdfootnote10anc\"><sup><span style=\"font-size: xx-small;\">10<\/span><\/sup><\/a><span style=\"font-family: Arial, serif;\"><span style=\"font-size: medium;\">. En fait, il y avait quelques rares authentiques militants ouvriers, c\u2019est-\u00e0-dire des personnes r\u00e9ellement actives sur le plan syndical. Je sais, par exemple, que l\u2019un d\u2019eux est devenu secr\u00e9taire de section, je ne sais plus quelle branche, de la CGT. On trouvait beaucoup d\u2019employ\u00e9s, des instituteurs et quelques professeurs. C\u2019\u00e9tait \u00e0 la base des sympathisants de l\u2019URSS avec beaucoup de r\u00e9serves. L\u2019URSS jouissait encore, malgr\u00e9 les saloperies qu\u2019on commen\u00e7ait \u00e0 conna\u00eetre, du prestige de la R\u00e9volution avec un grand R. Et \u00e7a estompait le contrecoup des crimes de <a href=\"https:\/\/maitron.fr\/staline-joseph-djougachvili-iossif-vissarionovitch-dit-pseudonymes-koba-thigikov-ivanovitch-tchopour-guilachvili-version-dictionnaire-biographique-du-komintern\/\">Staline<\/a> [1879-1953] dont les gens avertis avaient connaissance. L\u2019aur\u00e9ole de la p\u00e9riode de <a href=\"https:\/\/maitron.fr\/oulianov-vladimir-ilyitch-dit-lenine-version-dictionnaire-biographique-du-komintern\/\">L\u00e9nine<\/a> [1870-1924], 1917-22, marchait encore.<\/span><\/span><\/p>\n<p align=\"justify\"><span style=\"font-family: Arial, serif;\"><span style=\"font-size: medium;\"><b>Ph. C.<\/b><\/span><\/span><span style=\"font-family: Arial, serif;\"><span style=\"font-size: medium;\">\u00a0: Tu adh\u00e8res quand \u00e0 la SFIO [Section fran\u00e7aise de l\u2019Internationale ouvri\u00e8re\u00a0: Pari socialiste]\u00a0?<\/span><\/span><\/p>\n<p align=\"justify\"><span style=\"font-family: Arial, serif;\"><span style=\"font-size: medium;\"><b>R. L.<\/b><\/span><\/span><span style=\"font-family: Arial, serif;\"><span style=\"font-size: medium;\">\u00a0: C\u2019est un peu plus tard, en 1934. On a \u00e9t\u00e9 traumatis\u00e9 par les \u00e9v\u00e9nements de f\u00e9vrier [les \u00e9meutes des ligues d\u2019extr\u00eame droite du 6 f\u00e9vrier 1934]. On a \u00e9t\u00e9 \u00e9c\u0153ur\u00e9 par la collusion entre les communistes, plut\u00f4t les staliniens car je n\u2019aime pas salir le mot communiste \u00e0 leur sujet, et les fascisants lors des manifestations de f\u00e9vrier 1934<\/span><\/span><a class=\"sdfootnoteanc\" href=\"about:blank#sdfootnote11sym\" name=\"sdfootnote11anc\"><sup><span style=\"font-size: xx-small;\">11<\/span><\/sup><\/a><span style=\"font-family: Arial, serif;\"><span style=\"font-size: medium;\">. Cela a amen\u00e9 une bonne fraction des collaborateurs de <\/span><\/span><span style=\"font-family: Arial, serif;\"><span style=\"font-size: medium;\"><i>Masses<\/i><\/span><\/span><span style=\"font-family: Arial, serif;\"><span style=\"font-size: medium;\"> \u00e0 adh\u00e9rer au Parti socialiste. Pour ma part, j\u2019adh\u00e8re \u00e0 la 5<\/span><\/span><sup><span style=\"font-family: Arial, serif;\"><span style=\"font-size: medium;\">e<\/span><\/span><\/sup><span style=\"font-family: Arial, serif;\"><span style=\"font-size: medium;\"> section [de Paris], \u00e0 la tendance la Bataille socialiste anim\u00e9e alors par Jean Zyromski et Marceau Pivert<\/span><\/span><a class=\"sdfootnoteanc\" href=\"about:blank#sdfootnote12sym\" name=\"sdfootnote12anc\"><sup><span style=\"font-size: xx-small;\">12<\/span><\/sup><\/a><span style=\"font-family: Arial, serif;\"><span style=\"font-size: medium;\">. Zyromski appartenait d\u2019ailleurs \u00e0 la 5<\/span><\/span><sup><span style=\"font-family: Arial, serif;\"><span style=\"font-size: medium;\">e<\/span><\/span><\/sup><span style=\"font-family: Arial, serif;\"><span style=\"font-size: medium;\"> section. Puis, Marceau Pivert prend contact avec moi et quelques autres, et on d\u00e9cide de former une nouvelle tendance\u00a0: la Gauche r\u00e9volutionnaire [en 1935]. \u00c0 ce moment-l\u00e0, j\u2019avais cess\u00e9 la publication de <\/span><\/span><span style=\"font-family: Arial, serif;\"><span style=\"font-size: medium;\"><i>Masses<\/i><\/span><\/span><span style=\"font-family: Arial, serif;\"><span style=\"font-size: medium;\">, parce que j\u2019avais perdu mon travail et que \u00e7a posait des probl\u00e8mes de financement. On m\u2019a alors demand\u00e9 de me charger du bulletin <\/span><\/span><span style=\"font-family: Arial, serif;\"><span style=\"font-size: medium;\"><i>La Gauche r\u00e9volutionnaire<\/i><\/span><\/span><span style=\"font-family: Arial, serif;\"><span style=\"font-size: medium;\">, ce que j\u2019ai fait. Je m\u2019occupais aussi particuli\u00e8rement de la rubrique syndicale. Je me suis mis d\u2019accord avec Marceau pour pouvoir ressortir parall\u00e8lement \u00e0 ce bulletin, qui \u00e9tait interne au Parti socialiste, <\/span><\/span><span style=\"font-family: Arial, serif;\"><span style=\"font-size: medium;\"><i>Masses<\/i><\/span><\/span><span style=\"font-family: Arial, serif;\"><span style=\"font-size: medium;\">, en rempla\u00e7ant les articles qui posaient des probl\u00e8mes int\u00e9rieurs au Parti par des contributions de collaborateurs que j\u2019avais eu \u00e0 <\/span><\/span><span style=\"font-family: Arial, serif;\"><span style=\"font-size: medium;\"><i>Masses<\/i><\/span><\/span><span style=\"font-family: Arial, serif;\"><span style=\"font-size: medium;\">, contributions concernant des probl\u00e8mes doctrinaux et d\u2019histoire du mouvement ouvrier. Malheureusement, toute particularit\u00e9 suscitant des jaloux, certains ont men\u00e9 campagne pour que j\u2019arr\u00eate <\/span><\/span><span style=\"font-family: Arial, serif;\"><span style=\"font-size: medium;\"><i>Masses<\/i><\/span><\/span><span style=\"font-family: Arial, serif;\"><span style=\"font-size: medium;\">, pr\u00e9textant qu\u2019ils avaient d\u00e9j\u00e0 lu une partie dans <\/span><\/span><span style=\"font-family: Arial, serif;\"><span style=\"font-size: medium;\"><i>La Gauche r\u00e9volutionnaire<\/i><\/span><\/span><span style=\"font-family: Arial, serif;\"><span style=\"font-size: medium;\">. C\u2019est alors que j\u2019ai d\u00e9cid\u00e9 de lancer <\/span><\/span><span style=\"font-family: Arial, serif;\"><span style=\"font-size: medium;\"><i>Les Cahiers Spartacus<\/i><\/span><\/span><span style=\"font-family: Arial, serif;\"><span style=\"font-size: medium;\"> [en 1936].<\/span><\/span><\/p>\n<p align=\"justify\"><span style=\"font-family: Arial, serif;\"><span style=\"font-size: medium;\"><b>Ph. C.<\/b><\/span><\/span><span style=\"font-family: Arial, serif;\"><span style=\"font-size: medium;\">\u00a0: Qu\u2019est-ce qui a s\u00e9par\u00e9 Zyromski de Pivert\u00a0?<\/span><\/span><\/p>\n<p align=\"justify\"><span style=\"font-family: Arial, serif;\"><span style=\"font-size: medium;\"><b>R. L.<\/b><\/span><\/span><span style=\"font-family: Arial, serif;\"><span style=\"font-size: medium;\">\u00a0: Les positions de Marceau sur le plan r\u00e9volutionnaire \u00e9taient plus nettes que celles de Zyromski. Et Zyromski, qui deviendra apr\u00e8s la guerre s\u00e9nateur communiste, avait d\u00e9j\u00e0 une position \u00e9quivoque \u00e0 l\u2019\u00e9gard de l\u2019URSS. Cela le g\u00eanait que le probl\u00e8me de l\u2019URSS soit pos\u00e9. Si Marceau n\u2019en faisait pas un cheval de bataille, l\u2019esprit \u00e9tait nettement anti-stalinien.<\/span><\/span><\/p>\n<p align=\"justify\"><span style=\"font-family: Arial, serif;\"><span style=\"font-size: medium;\"><b>Ph. C.<\/b><\/span><\/span><span style=\"font-family: Arial, serif;\"><span style=\"font-size: medium;\">\u00a0: Comment la Gauche r\u00e9volutionnaire arrivait-elle \u00e0 concilier sa politique tr\u00e8s unitaire \u00e0 l\u2019\u00e9gard du PC et une attitude clairement anti-stalinienne\u00a0?<\/span><\/span><\/p>\n<p align=\"justify\"><span style=\"font-family: Arial, serif;\"><span style=\"font-size: medium;\"><b>R. L.<\/b><\/span><\/span><span style=\"font-family: Arial, serif;\"><span style=\"font-size: medium;\">\u00a0: En fait, c\u2019\u00e9tait assez difficile \u00e0 tenir pour moi. J\u2019\u00e9tais anti-stalinien \u00e0 fond. Je connaissais par Souvarine et par les copains du Cercle communiste d\u00e9mocratique ce qui se passait en URSS et ce qui se pr\u00e9parait. C\u2019\u00e9tait en 1936 et on savait que la vieille garde bolchevique \u00e9tait condamn\u00e9e. Mais, en m\u00eame temps, il y avait un esprit unitaire en 1936 qui a emport\u00e9 tout le monde. M\u00eame les gens de <\/span><\/span><span style=\"font-family: Arial, serif;\"><span style=\"font-size: medium;\"><i>La R\u00e9volution prol\u00e9tarienne<\/i><\/span><\/span><span style=\"font-family: Arial, serif;\"><span style=\"font-size: medium;\">, la revue syndicaliste de Rosmer et Monatte<\/span><\/span><a class=\"sdfootnoteanc\" href=\"about:blank#sdfootnote13sym\" name=\"sdfootnote13anc\"><sup><span style=\"font-size: xx-small;\">13<\/span><\/sup><\/a><span style=\"font-family: Arial, serif;\"><span style=\"font-size: medium;\">. Mais, contrairement \u00e0 Zyromski, la Gauche r\u00e9volutionnaire menait son action unitaire tout en osant poser les probl\u00e8mes concernant l\u2019URSS.<\/span><\/span><\/p>\n<p align=\"justify\"><span style=\"font-family: Arial, serif;\"><span style=\"font-size: medium;\"><b>\u00ab\u00a0Mais enfin, L\u00e9on [Blum], nous sommes des r\u00e9volutionnaires\u00a0!\u00a0\u00bb<\/b><\/span><\/span><\/p>\n<p align=\"justify\"><span style=\"font-family: Arial, serif;\"><span style=\"font-size: medium;\"><b>Ph. C.<\/b><\/span><\/span><span style=\"font-family: Arial, serif;\"><span style=\"font-size: medium;\">\u00a0: \u00c0 propos de L\u00e9on Blum, Daniel Gu\u00e9rin, alors militant de la Gauche r\u00e9volutionnaire, \u00e9crit dans un livre sur le Front Populaire\u00a0: \u00ab\u00a0Nous avons contribu\u00e9 nous-m\u00eames \u00e0 la sacralisation de L\u00e9on Blum [\u2026] Qui est metteur en sc\u00e8ne de ce culte\u00a0? Nul autre que Marceau Pivert<\/span><\/span><a class=\"sdfootnoteanc\" href=\"about:blank#sdfootnote14sym\" name=\"sdfootnote14anc\"><sup><span style=\"font-size: xx-small;\">14<\/span><\/sup><\/a><span style=\"font-family: Arial, serif;\"><span style=\"font-size: medium;\">. Un peu plus tard, trop tard, il invitera les militants \u00e0 se lib\u00e9rer d\u2019une \u00ab\u00a0certaine religiosit\u00e9\u00a0\u00bb qui leur interdit de juger sainement la politique des \u00ab\u00a0militants les plus prestigieux\u00a0\u00bb (mai 1937). Mais en attendant, c\u2019est lui qui fait office de grand-pr\u00eatre\u00a0\u00bb<\/span><\/span><a class=\"sdfootnoteanc\" href=\"about:blank#sdfootnote15sym\" name=\"sdfootnote15anc\"><sup><span style=\"font-size: xx-small;\">15<\/span><\/sup><\/a><span style=\"font-family: Arial, serif;\"><span style=\"font-size: medium;\">\u2026<\/span><\/span><\/p>\n<p align=\"justify\"><span style=\"font-family: Arial, serif;\"><span style=\"font-size: medium;\"><b>R. L.<\/b><\/span><\/span><span style=\"font-family: Arial, serif;\"><span style=\"font-size: medium;\">\u00a0: C\u2019est un peu vrai que la Gauche r\u00e9volutionnaire a particip\u00e9 \u00e0 la cr\u00e9ation d\u2019un \u00ab\u00a0mythe Blum\u00a0\u00bb et que cela s\u2019est retourn\u00e9 contre elle. Mais elle a surtout particip\u00e9, en fait, \u00e0 l\u2019enthousiasme g\u00e9n\u00e9ral que cr\u00e9ait le Front populaire. Des nuances, il y en avait, mais au fond elles n\u2019\u00e9taient pas tellement accus\u00e9es face au Parti qui prenait le Pouvoir, etc. La Gauche r\u00e9volutionnaire a \u00e9t\u00e9 entra\u00een\u00e9e par le mouvement.<\/span><\/span><\/p>\n<p align=\"justify\"><span style=\"font-family: Arial, serif;\"><span style=\"font-size: medium;\"><b>Ph. C.<\/b><\/span><\/span><span style=\"font-family: Arial, serif;\"><span style=\"font-size: medium;\">\u00a0: Que peux-tu dire des rapports entre la SFIO et le gouvernement\u00a0?<\/span><\/span><\/p>\n<p align=\"justify\"><span style=\"font-family: Arial, serif;\"><span style=\"font-size: medium;\"><b>R. L.<\/b><\/span><\/span><span style=\"font-family: Arial, serif;\"><span style=\"font-size: medium;\">\u00a0: C\u2019\u00e9tait la m\u00eame chose pour le Parti. Il y avait une nette influence de la situation sur lui. Il jouait le jeu, avec des r\u00e9ticences peut-\u00eatre, mais il jouait le jeu. \u00c0 ce propos, je vais te raconter une anecdote qui m\u2019a \u00e9t\u00e9 rapport\u00e9e par Marceau Pivert. Cela se passait lors d\u2019une r\u00e9union de la CAP [Commission administrative permanente, organe de direction de la SFIO] du Parti socialiste o\u00f9 il \u00e9tait question de manifestations au cours desquelles il y avait eu du sang. Marceau pr\u00e9conisant la r\u00e9sistance aux \u00e9l\u00e9ments fascisants, Blum s\u2019est alors \u00e9cri\u00e9\u00a0: \u00ab\u00a0Oh, du sang, du sang dans la rue, je ne veux pas\u00a0!\u00a0\u00bb Il a piqu\u00e9 une crise, presque hyst\u00e9rique. Et le vieux Bracke<\/span><\/span><a class=\"sdfootnoteanc\" href=\"about:blank#sdfootnote16sym\" name=\"sdfootnote16anc\"><sup><span style=\"font-size: xx-small;\">16<\/span><\/sup><\/a><span style=\"font-family: Arial, serif;\"><span style=\"font-size: medium;\"> lui a dit alors\u00a0: \u00ab\u00a0Mais enfin, L\u00e9on, nous sommes des r\u00e9volutionnaires\u00a0\u00bb\u2026 Cette anecdote racont\u00e9e par Marceau m\u2019est toujours rest\u00e9e en m\u00e9moire. <\/span><\/span><\/p>\n<p align=\"justify\"><span style=\"font-family: Arial, serif;\"><span style=\"font-size: medium;\"><b>Ph. C.<\/b><\/span><\/span><span style=\"font-family: Arial, serif;\"><span style=\"font-size: medium;\">\u00a0: Et la pouss\u00e9e de la gauche au sein de la SFIO\u00a0? Au 34<\/span><\/span><sup><span style=\"font-family: Arial, serif;\"><span style=\"font-size: medium;\">e<\/span><\/span><\/sup><span style=\"font-family: Arial, serif;\"><span style=\"font-size: medium;\"> congr\u00e8s de Marseille de juillet 1937, la Gauche r\u00e9volutionnaire et la Bataille socialiste font, si on totalise leurs voix, plus de 45 % des voix. Puis, en janvier 1938, lors du Conseil national, elles mettent en minorit\u00e9 la direction de la SFIO, Blum et Paul Faure<\/span><\/span><a class=\"sdfootnoteanc\" href=\"about:blank#sdfootnote17sym\" name=\"sdfootnote17anc\"><sup><span style=\"font-size: xx-small;\">17<\/span><\/sup><\/a><span style=\"font-family: Arial, serif;\"><span style=\"font-size: medium;\">, le secr\u00e9taire g\u00e9n\u00e9ral, \u00e0 propos de la participation au gouvernement radical.<\/span><\/span><\/p>\n<p align=\"justify\"><span style=\"font-family: Arial, serif;\"><span style=\"font-size: medium;\"><b>R. L.<\/b><\/span><\/span><span style=\"font-family: Arial, serif;\"><span style=\"font-size: medium;\">\u00a0: Oui, incontestablement, il y avait une pouss\u00e9e de la gauche. Mais nous nous sommes heurt\u00e9s \u00e0 la force de l\u2019appareil, domin\u00e9 par Paul Faure, et des municipalit\u00e9s. Il faut toutefois pr\u00e9ciser que l\u2019appareil de la SFIO n\u2019avait rien \u00e0 voir avec la puissance d\u2019un appareil stalinien. Alors les grandes id\u00e9es sur lesquelles on a r\u00e9uni occasionnellement une majorit\u00e9 n\u2019\u00e9taient pas appuy\u00e9es sur un mouvement solide, structur\u00e9. Malgr\u00e9, par exemple, un d\u00e9but de d\u00e9veloppement des Amicales socialistes d\u2019entreprise impuls\u00e9es par la Gauche r\u00e9volutionnaire, dans lesquelles je n\u2019\u00e9tais pas directement impliqu\u00e9, et qui \u00e9taient con\u00e7ues comme compl\u00e9mentaires de l\u2019action \u00e9lectorale. \u00c7a n\u2019emp\u00eache que cette majorit\u00e9 occasionnelle a quand m\u00eame flanqu\u00e9 la frousse \u00e0 Paul Faure. Mais il a su jouer habilement \u2013 c\u2019\u00e9tait un fin man\u0153uvrier sur les divergences r\u00e9elles qui existaient entre la Gauche r\u00e9volutionnaire et la Bataille socialiste. Et puis, il a man\u0153uvr\u00e9 pour faire appara\u00eetre la Gauche r\u00e9volutionnaire comme scissionniste. En fait, un des rares scissionnistes clairement d\u00e9clar\u00e9s au sein de la Gauche r\u00e9volutionnaire \u00e9tait Daniel Gu\u00e9rin. Finalement, on a \u00e9t\u00e9 pouss\u00e9 par l\u2019appareil \u00e0 la scission avec la dissolution de la F\u00e9d\u00e9ration de la Seine, alors anim\u00e9e par Marceau et la Gauche r\u00e9volutionnaire. Personnellement, j\u2019\u00e9tais contre cette scission et la cr\u00e9ation du PSOP [Parti socialiste ouvrier et paysan, en juin 1938] qui l\u2019a accompagn\u00e9e. J\u2019ai suivi parce que je ne pouvais pas d\u00e9serter les gens avec lesquels j\u2019\u00e9tais en accord. J\u2019ai donc suivi, mais en consid\u00e9rant, contrairement \u00e0 Gu\u00e9rin, que c\u2019\u00e9tait une blague. Seulement, il n\u2019\u00e9tait pas de bon ton de le dire. Mais je l\u2019ai quand m\u00eame dit. Cela ne pouvait conduire qu\u2019\u00e0 l\u2019\u00e9chec, les gens \u00e9tant extr\u00eamement attach\u00e9s au Parti. Et Marceau lui-m\u00eame, c\u2019est tr\u00e8s \u00e0 contrec\u0153ur qu\u2019il l\u2019a fait.<\/span><\/span><\/p>\n<p align=\"justify\"><span style=\"font-family: Arial, serif;\"><span style=\"font-size: medium;\"><b>Ph. C.<\/b><\/span><\/span><span style=\"font-family: Arial, serif;\"><span style=\"font-size: medium;\">\u00a0: Justement, \u00e0 ce propos, Pivert en 1952, revenu alors \u00e0 la SFIO, d\u00e9clarera que la \u00ab\u00a0construction d\u2019un parti r\u00e9volutionnaire\u00a0\u00bb est \u00ab\u00a0un mythe r\u00e9confortant, mais sans bases r\u00e9elles\u00a0\u00bb, affichant un certain scepticisme \u00e0 l\u2019\u00e9gard de \u00ab\u00a0tout ce qui a \u00e9t\u00e9 tent\u00e9 en dehors\u00a0\u00bb de l\u2019action d\u2019un parti d\u00e9mocratique de masse, pour finir par poser la question\u00a0: \u00ab\u00a0O\u00f9 peut-on faire ce travail ailleurs que dans notre Parti SFIO\u00a0?\u00a0\u00bb<\/span><\/span><a class=\"sdfootnoteanc\" href=\"about:blank#sdfootnote18sym\" name=\"sdfootnote18anc\"><sup><span style=\"font-size: xx-small;\">18<\/span><\/sup><\/a><\/p>\n<p align=\"justify\"><span style=\"font-family: Arial, serif;\"><span style=\"font-size: medium;\"><b>R. L.<\/b><\/span><\/span><span style=\"font-family: Arial, serif;\"><span style=\"font-size: medium;\">\u00a0: Il est certain que la scission lui a \u00e9t\u00e9 impos\u00e9e par les man\u0153uvres de Paul Faure, et puis aussi l\u2019influence de quelques scissionnistes ouverts de la Gauche r\u00e9volutionnaire.<\/span><\/span><\/p>\n<p align=\"justify\"><span style=\"font-family: Arial, serif;\"><span style=\"font-size: medium;\"><b>Ph. C.<\/b><\/span><\/span><span style=\"font-family: Arial, serif;\"><span style=\"font-size: medium;\">\u00a0: Des t\u00e9moins comme Gu\u00e9rin ou des historiens comme Jean-Pierre Rioux<\/span><\/span><a class=\"sdfootnoteanc\" href=\"about:blank#sdfootnote19sym\" name=\"sdfootnote19anc\"><sup><span style=\"font-size: xx-small;\">19<\/span><\/sup><\/a><span style=\"font-family: Arial, serif;\"><span style=\"font-size: medium;\"> ont insist\u00e9 sur le caract\u00e8re h\u00e9t\u00e9roclite de la Gauche r\u00e9volutionnaire. Gu\u00e9rin parle de \u00ab\u00a0l\u2019h\u00e9t\u00e9rog\u00e9n\u00e9it\u00e9 de ses partisans, li\u00e9s moins par une claire identit\u00e9 de vues politique que par une all\u00e9geance personnelle\u00a0\u00bb<\/span><\/span><a class=\"sdfootnoteanc\" href=\"about:blank#sdfootnote20sym\" name=\"sdfootnote20anc\"><sup><span style=\"font-size: xx-small;\">20<\/span><\/sup><\/a><span style=\"font-family: Arial, serif;\"><span style=\"font-size: medium;\">. Quant \u00e0 Rioux, il \u00e9crit qu\u2019\u00ab\u00a0id\u00e9ologiquement elle h\u00e9site entre les th\u00e8mes luxemburgistes et les fascinations du trotskysme\u00a0\u00bb<\/span><\/span><a class=\"sdfootnoteanc\" href=\"about:blank#sdfootnote21sym\" name=\"sdfootnote21anc\"><sup><span style=\"font-size: xx-small;\">21<\/span><\/sup><\/a><span style=\"font-family: Arial, serif;\"><span style=\"font-size: medium;\">, mais aussi entre son pacifisme et son internationalisme.<\/span><\/span><\/p>\n<p align=\"justify\"><span style=\"font-family: Arial, serif;\"><span style=\"font-size: medium;\"><b>R. L.<\/b><\/span><\/span><span style=\"font-family: Arial, serif;\"><span style=\"font-size: medium;\">\u00a0: Oui, il y avait de \u00e7a, incontestablement. \u00c7a a pos\u00e9 des probl\u00e8mes surtout quand il y a eu la scission avec le Parti socialiste. Ils n\u2019ont pas entra\u00een\u00e9 la masse des membres qui suivaient la Gauche r\u00e9volutionnaire.<\/span><\/span><\/p>\n<p align=\"justify\"><span style=\"font-family: Arial, serif;\"><span style=\"font-size: medium;\"><b>Ph. C.<\/b><\/span><\/span><span style=\"font-family: Arial, serif;\"><span style=\"font-size: medium;\">\u00a0: On parle d\u2019environ 6000 adh\u00e9rents au PSOP, dont 4000 dans la r\u00e9gion parisienne, sur 30 000 sympathisants de la Gauche r\u00e9volutionnaire.<\/span><\/span><\/p>\n<p align=\"justify\"><span style=\"font-family: Arial, serif;\"><span style=\"font-size: medium;\"><b>R. L.<\/b><\/span><\/span><span style=\"font-family: Arial, serif;\"><span style=\"font-size: medium;\">\u00a0: Ces chiffres ne m\u2019\u00e9tonnent pas.<\/span><\/span><\/p>\n<p align=\"justify\"><span style=\"font-family: Arial, serif;\"><span style=\"font-size: medium;\"><b>Ph. C.<\/b><\/span><\/span><span style=\"font-family: Arial, serif;\"><span style=\"font-size: medium;\">\u00a0: Cette h\u00e9t\u00e9rog\u00e9n\u00e9it\u00e9 a provoqu\u00e9 des divisions internes, notamment sur la guerre d\u2019Espagne. Ainsi Marceau Pivert, dans un premier temps, tout en participant \u00e0 l\u2019aide clandestine \u00e0 la gauche espagnole, va approuver la politique de non-intervention de Blum, puis il reviendra sur sa position pour rejoindre la lutte contre l\u2019embargo\u2026<\/span><\/span><\/p>\n<p align=\"justify\"><span style=\"font-family: Arial, serif;\"><span style=\"font-size: medium;\"><b>R. L.<\/b><\/span><\/span><span style=\"font-family: Arial, serif;\"><span style=\"font-size: medium;\">\u00a0: \u00c7a c\u2019est la contradiction qu\u2019il y avait en Marceau Pivert lui-m\u00eame, qui \u00e9tait un pacifiste. C\u2019\u00e9tait, il ne faut pas oublier, un ancien gaz\u00e9 de 14-18.<\/span><\/span><\/p>\n<p align=\"justify\"><span style=\"font-family: Arial, serif;\"><span style=\"font-size: medium;\"><b>Ph. C.<\/b><\/span><\/span><span style=\"font-family: Arial, serif;\"><span style=\"font-size: medium;\">\u00a0: Au d\u00e9but, il y a eu alors d\u00e9saccord entre Pivert et ceux qui comme Colette Audry<\/span><\/span><a class=\"sdfootnoteanc\" href=\"about:blank#sdfootnote22sym\" name=\"sdfootnote22anc\"><sup><span style=\"font-size: xx-small;\">22<\/span><\/sup><\/a><span style=\"font-family: Arial, serif;\"><span style=\"font-size: medium;\"> et Michel Collinet<\/span><\/span><a class=\"sdfootnoteanc\" href=\"about:blank#sdfootnote23sym\" name=\"sdfootnote23anc\"><sup><span style=\"font-size: xx-small;\">23<\/span><\/sup><\/a><span style=\"font-family: Arial, serif;\"><span style=\"font-size: medium;\"> participaient avec des militants de la Bataille socialiste, par exemple Longuet<\/span><\/span><a class=\"sdfootnoteanc\" href=\"about:blank#sdfootnote24sym\" name=\"sdfootnote24anc\"><sup><span style=\"font-size: xx-small;\">24<\/span><\/sup><\/a><span style=\"font-family: Arial, serif;\"><span style=\"font-size: medium;\"> et Zyromski, au Comit\u00e9 d\u2019action socialiste pour l\u2019Espagne (CASPE). Dans cette controverse, tu te situais comment\u00a0?<\/span><\/span><\/p>\n<p align=\"justify\"><span style=\"font-family: Arial, serif;\"><span style=\"font-size: medium;\"><b>R. L.<\/b><\/span><\/span><span style=\"font-family: Arial, serif;\"><span style=\"font-size: medium;\">\u00a0: J\u2019\u00e9tais pour le soutien \u00e0 l\u2019Espagne et la lev\u00e9e de l\u2019embargo. J\u2019avais d\u00e9j\u00e0 \u00e9t\u00e9 en rapport personnel avec le POUM [Parti ouvrier d\u2019unification marxiste]<\/span><\/span><a class=\"sdfootnoteanc\" href=\"about:blank#sdfootnote25sym\" name=\"sdfootnote25anc\"><sup><span style=\"font-size: xx-small;\">25<\/span><\/sup><\/a><span style=\"font-family: Arial, serif;\"><span style=\"font-size: medium;\"> pour lequel j\u2019avais beaucoup de sympathie. La Gauche r\u00e9volutionnaire a d\u2019ailleurs fortement d\u00e9velopp\u00e9 ses contacts avec le POUM. Marceau entretenait une correspondance monumentale, c\u2019est fou l\u2019importance qu\u2019il accordait aux liaisons avec les groupes r\u00e9volutionnaires des autres pays.<\/span><\/span><\/p>\n<p align=\"justify\"><span style=\"font-family: Arial, serif;\"><span style=\"font-size: medium;\"><b>Prisonnier de guerre en Allemagne en 1940-1945\u00a0: \u00ab\u00a0J\u2019ai vu alors la terreur que le totalitarisme pouvait faire r\u00e9gner sur un pays\u00a0\u00bb<\/b><\/span><\/span><\/p>\n<p align=\"justify\"><span style=\"font-family: Arial, serif;\"><span style=\"font-size: medium;\"><b>Ph. C.<\/b><\/span><\/span><span style=\"font-family: Arial, serif;\"><span style=\"font-size: medium;\">\u00a0: D\u2019autres divergences, qui n\u2019\u00e9taient pas sans liens avec celles concernant l\u2019Espagne, vont appara\u00eetre au sein du groupe, notamment lors du 1<\/span><\/span><sup><span style=\"font-family: Arial, serif;\"><span style=\"font-size: medium;\">er<\/span><\/span><\/sup><span style=\"font-family: Arial, serif;\"><span style=\"font-size: medium;\"> congr\u00e8s du PSOP en mai 1939. En gros, on va voir s\u2019opposer ceux qu\u2019on appelle les \u00ab\u00a0pacifistes int\u00e9graux\u00a0\u00bb, et qui d\u2019ailleurs ont continu\u00e9 d\u2019approuver la politique de non-intervention en Espagne, ceux qui comme Gu\u00e9rin se pr\u00e9sentaient comme des \u00ab\u00a0pacifistes r\u00e9volutionnaires\u00a0\u00bb, et qui d\u00e9noncent \u00ab\u00a0la guerre imp\u00e9rialiste\u00a0\u00bb, et ceux qui comme Michel Collinet insistent sur la diff\u00e9rence entre le fascisme et les d\u00e9mocraties bourgeoises, le fascisme \u00e9tant le danger principal. Dans son livre, Gu\u00e9rin critique la position de Collinet en ce qu\u2019elle serait voisine de ce qu\u2019il appelle le \u00ab\u00a0social-patriotisme\u00a0\u00bb de Zyromski<\/span><\/span><a class=\"sdfootnoteanc\" href=\"about:blank#sdfootnote26sym\" name=\"sdfootnote26anc\"><sup><span style=\"font-size: xx-small;\">26<\/span><\/sup><\/a><span style=\"font-family: Arial, serif;\"><span style=\"font-size: medium;\">. Tu as pris quelle position dans ces d\u00e9bats\u00a0?<\/span><\/span><\/p>\n<p align=\"justify\"><span style=\"font-family: Arial, serif;\"><span style=\"font-size: medium;\"><b>R. L.<\/b><\/span><\/span><span style=\"font-family: Arial, serif;\"><span style=\"font-size: medium;\">\u00a0: Tu sais, Gu\u00e9rin n\u2019\u00e9tait pas avare de jugements sur les autres et il ne faisait pas souvent son autocritique. Il y avait une tendance g\u00e9n\u00e9rale \u00e0 appliquer les sch\u00e9mas de la Premi\u00e8re Guerre mondiale \u00e0 ce qui se pr\u00e9parait. Le pacifisme issu de la Premi\u00e8re Guerre a pu alors freiner la prise de conscience face \u00e0 la mont\u00e9e de l\u2019hitl\u00e9risme. Personnellement, je consid\u00e9rais qu\u2019on allait fatalement \u00e0 la guerre et qu\u2019on ne pouvait pas \u00eatre d\u00e9serteur. Mais en tant que secr\u00e9taire de r\u00e9daction de <\/span><\/span><span style=\"font-family: Arial, serif;\"><span style=\"font-size: medium;\"><i>Juin 36<\/i><\/span><\/span><span style=\"font-family: Arial, serif;\"><span style=\"font-size: medium;\">, l\u2019organe du PSOP, j\u2019ai vu parfois passer des choses qui \u00e9taient loin de me plaire. Et, contrairement \u00e0 Gu\u00e9rin qui est parti \u00e0 l\u2019\u00e9tranger, j\u2019ai accept\u00e9 la mobilisation. J\u2019ai plus \u00e9t\u00e9 entra\u00een\u00e9 par le mouvement, d\u2019ailleurs, que je n\u2019ai pris position pour la mobilisation. Puis, j\u2019ai \u00e9t\u00e9 fait prisonnier \u00e0 Dunkerque et amen\u00e9 en Allemagne o\u00f9 j\u2019ai pass\u00e9 le reste de la guerre. J\u2019ai vu alors la terreur que le totalitarisme pouvait faire r\u00e9gner sur un pays. Mais il y avait aussi des opposants, par exemple cet ancien social-d\u00e9mocrate qui a \u00e9t\u00e9 un de mes gardiens et qui me parlait des r\u00e9unions clandestines qu\u2019il tenait avec ses camarades. Pour en revenir aux d\u00e9bats du PSOP, je me situais assez nettement aux c\u00f4t\u00e9s de Collinet.<\/span><\/span><\/p>\n<p align=\"justify\"><span style=\"font-family: Arial, serif;\"><span style=\"font-size: medium;\"><b>Ph. C.<\/b><\/span><\/span><span style=\"font-family: Arial, serif;\"><span style=\"font-size: medium;\">\u00a0: Lors de ce congr\u00e8s du PSOP, tu es mont\u00e9 au cr\u00e9neau contre les \u00ab\u00a0activit\u00e9s fractionnelles\u00a0\u00bb des trotskystes\u2026<\/span><\/span><\/p>\n<p align=\"justify\"><span style=\"font-family: Arial, serif;\"><span style=\"font-size: medium;\"><b>R. L.<\/b><\/span><\/span><span style=\"font-family: Arial, serif;\"><span style=\"font-size: medium;\">\u00a0: Oui, c\u2019est ce qui m\u2019a alors vivement oppos\u00e9 \u00e0 mon vieil ami-ennemi Gu\u00e9rin, qui \u00e9tait trotskysant \u00e0 cette \u00e9poque, et qui d\u2019ailleurs me traite dans son livre de \u00ab\u00a0Fouquier-Tinville au petit pied\u00a0\u00bb<\/span><\/span><a class=\"sdfootnoteanc\" href=\"about:blank#sdfootnote27sym\" name=\"sdfootnote27anc\"><sup><span style=\"font-size: xx-small;\">27<\/span><\/sup><\/a><span style=\"font-family: Arial, serif;\"><span style=\"font-size: medium;\">. Car je n\u2019ai pas h\u00e9sit\u00e9 \u00e0 demander au congr\u00e8s l\u2019exclusion des trotskystes. Je ne suis pas par temp\u00e9rament un \u00e9purateur, mais quand tu vois venir dans ton organisation des gens qui sont assez bavards et assez cr\u00e9tins pour dire \u00ab\u00a0On vient pour ramasser des jeunes, pour les emmener chez les trotskystes\u00a0\u00bb, et foutre en l\u2019air les jeunes du PSOP, et bien je pense qu\u2019on a qu\u2019une chose \u00e0 faire\u00a0: leur dire \u00ab\u00a0va-t\u2019en faire ton boulot ailleurs\u00a0\u00bb et les foutre dehors. Or, ils \u00e9taient aussi nets que \u00e7a. Gu\u00e9rin le savait parfaitement, mais il ne fallait pas les toucher. Une des choses fantastiques \u00e9tait leur facilit\u00e9 de bluff, et elle est permanente. Quand ils sont entr\u00e9s au PSOP, ils \u00e9taient para\u00eet-il 500, mais on n\u2019en a jamais vu 50\u2026<\/span><\/span><\/p>\n<p align=\"justify\"><span style=\"font-family: Arial, serif;\"><span style=\"font-size: medium;\"><b>Front populaire\u00a0: \u00ab\u00a0C\u2019\u00e9tait vraiment se bluffer soi-m\u00eame que de croire que tout \u00e9tait possible\u00a0\u00bb<\/b><\/span><\/span><\/p>\n<p align=\"justify\"><span style=\"font-family: Arial, serif;\"><span style=\"font-size: medium;\"><b>Ph. C.<\/b><\/span><\/span><span style=\"font-family: Arial, serif;\"><span style=\"font-size: medium;\">\u00a0: La th\u00e8se actuelle de Gu\u00e9rin est de dire que la situation en France \u00e9tait \u00ab\u00a0r\u00e9volutionnaire\u00a0\u00bb en 193 6<\/span><\/span><a class=\"sdfootnoteanc\" href=\"about:blank#sdfootnote28sym\" name=\"sdfootnote28anc\"><sup><span style=\"font-size: xx-small;\">28<\/span><\/sup><\/a><span style=\"font-family: Arial, serif;\"><span style=\"font-size: medium;\">. Pivert lui-m\u00eame \u00e9crivait apr\u00e8s la victoire du Front populaire un article intitul\u00e9 <a href=\"https:\/\/www.marxists.org\/francais\/pivert\/works\/1936\/05\/pivert_19360527.htm\">\u00ab\u00a0Tout est possible\u00a0\u00bb<\/a>. Qu\u2019est-ce que tu en penses aujourd\u2019hui\u00a0?<\/span><\/span><\/p>\n<p align=\"justify\"><span style=\"font-family: Arial, serif;\"><span style=\"font-size: medium;\"><b>R. L.<\/b><\/span><\/span><span style=\"font-family: Arial, serif;\"><span style=\"font-size: medium;\">\u00a0: Je n\u2019ai jamais cru que tout \u00e9tait possible. Il y avait une lame de fond, mais terriblement de points faibles. La seule organisation r\u00e9volutionnaire, structur\u00e9e et pr\u00e9tendue \u00ab\u00a0r\u00e9volutionnaire\u00a0\u00bb, c\u2019\u00e9tait le Parti communiste. Mais le Parti socialiste n\u2019avait aucune pr\u00e9paration pratique, ni th\u00e9orique, pour une activit\u00e9 r\u00e9volutionnaire. Les municipalit\u00e9s n\u2019\u00e9taient que des organismes de gestion de la vie communale. Et les noyaux de la Gauche r\u00e9volutionnaire repr\u00e9sentaient peu de choses. C\u2019\u00e9tait vraiment se bluffer soi-m\u00eame que de croire que tout \u00e9tait possible. Quant \u00e0 la situation internationale, \u00e0 part les avertissements de Collinet, je n\u2019ai pas de souvenir que nous ayons d\u00e9velopp\u00e9 dans la Gauche r\u00e9volutionnaire des analyses tr\u00e8s profondes.<\/span><\/span><\/p>\n<p align=\"justify\"><span style=\"font-family: Arial, serif;\"><span style=\"font-size: medium;\"><b>Ph. C.<\/b><\/span><\/span><span style=\"font-family: Arial, serif;\"><span style=\"font-size: medium;\">\u00a0: \u00c0 propos des minorit\u00e9s r\u00e9volutionnaires de l\u2019\u00e9poque du Front populaire, l\u2019historien Jean-Pierre Rioux pose \u00e0 la fin de son livre une question qu\u2019il laisse sans r\u00e9ponse\u00a0: \u00ab\u00a0Sont-elles des noyaux prol\u00e9tariens [\u2026] ou de simples agr\u00e9gats groupusculaires et fluctuants de petits-bourgeois \u00e0 la recherche d\u2019une identification et d\u2019une m\u00e9diation radicale par le r\u00eave r\u00e9volutionnaire\u00a0?\u00a0\u00bb <\/span><\/span><a class=\"sdfootnoteanc\" href=\"about:blank#sdfootnote29sym\" name=\"sdfootnote29anc\"><sup><span style=\"font-size: xx-small;\">29<\/span><\/sup><\/a><span style=\"font-family: Arial, serif;\"><span style=\"font-size: medium;\"> Qu\u2019est-ce que tu en penses\u00a0?<\/span><\/span><\/p>\n<p align=\"justify\"><span style=\"font-family: Arial, serif;\"><span style=\"font-size: medium;\"><b>R. L.<\/b><\/span><\/span><span style=\"font-family: Arial, serif;\"><span style=\"font-size: medium;\">\u00a0: Je pense que c\u2019est assez m\u00e9chant. C\u2019est d\u2019ailleurs justement parce qu\u2019elle constitue une part de v\u00e9rit\u00e9 que cette question est m\u00e9chante.<\/span><\/span><\/p>\n<p align=\"justify\"><span style=\"font-family: Arial, serif;\"><span style=\"font-size: medium;\"><b>Ph. C.<\/b><\/span><\/span><span style=\"font-family: Arial, serif;\"><span style=\"font-size: medium;\">\u00a0: Quelles ont \u00e9t\u00e9 les brochures que tu as publi\u00e9 avant la guerre dans le cadre de Spartacus\u00a0?<\/span><\/span><\/p>\n<p align=\"justify\"><span style=\"font-family: Arial, serif;\"><span style=\"font-size: medium;\"><b>R. L.<\/b><\/span><\/span><span style=\"font-family: Arial, serif;\"><span style=\"font-size: medium;\">\u00a0: On a publi\u00e9 <\/span><\/span><a href=\"https:\/\/archivesautonomies.org\/IMG\/pdf\/spartacus\/spartacus\/cahiersmensuels\/cahiersmensuels-1937-luxembourg.pdf\"><span style=\"font-family: Arial, serif;\"><span style=\"font-size: medium;\"><i>La R\u00e9volution russe<\/i><\/span><\/span><\/a><span style=\"font-family: Arial, serif;\"><span style=\"font-size: medium;\"> de <a href=\"https:\/\/maitron.fr\/luxemburg-rosa\/\">Rosa Luxemburg<\/a> [\u00e9crit en prison en Allemagne en 1918] \u2013 j\u2019avais d\u00e9j\u00e0 publi\u00e9 en 1934 dans <\/span><\/span><span style=\"font-family: Arial, serif;\"><span style=\"font-size: medium;\"><i>Masses<\/i><\/span><\/span><span style=\"font-family: Arial, serif;\"><span style=\"font-size: medium;\"> le <a href=\"https:\/\/www.marxists.org\/francais\/luxembur\/spartakus\/rl19181231.htm\">\u00ab\u00a0Discours sur le programme\u00a0\u00bb<\/a> de la Ligue Spartakiste prononc\u00e9 par Rosa en d\u00e9cembre 1918 et qui m\u2019avait fortement marqu\u00e9 \u2014, les <\/span><\/span><span style=\"font-family: Arial, serif;\"><span style=\"font-size: medium;\"><i>16 fusill\u00e9s \u00e0 Moscou<\/i><\/span><\/span><span style=\"font-family: Arial, serif;\"><span style=\"font-size: medium;\"> de Victor Serge, <\/span><\/span><a href=\"https:\/\/archivesautonomies.org\/IMG\/pdf\/spartacus\/spartacus\/cahiersmensuels\/cahiersmensuels-1936-rosmer.pdf\"><span style=\"font-family: Arial, serif;\"><span style=\"font-size: medium;\"><i>Union sacr\u00e9e<\/i><\/span><\/span><\/a><span style=\"font-family: Arial, serif;\"><span style=\"font-size: medium;\"> de Rosmer et <a href=\"https:\/\/maitron.fr\/modiano-rene-isaac\/\">Modiano<\/a>, <\/span><\/span><a href=\"https:\/\/archivesautonomies.org\/IMG\/pdf\/spartacus\/spartacus\/cahiersmensuels\/cahiersmensuels-1936-jeanprader.pdf\"><span style=\"font-family: Arial, serif;\"><span style=\"font-size: medium;\"><i>Au secours de l\u2019Espagne socialiste<\/i><\/span><\/span><\/a><span style=\"font-family: Arial, serif;\"><span style=\"font-size: medium;\"> de <a href=\"https:\/\/maitron.fr\/labin-edouard-dit-prader-jean\/\">Prader<\/a>, ains que plusieurs brochures sur la R\u00e9volution espagnole et les crimes staliniens en Espagne.<\/span><\/span><\/p>\n<p align=\"justify\"><span style=\"font-family: Arial, serif;\"><span style=\"font-size: medium;\"><b>Ph. C.<\/b><\/span><\/span><span style=\"font-family: Arial, serif;\"><span style=\"font-size: medium;\">\u00a0: Est-ce que les positions nettement anticolonialistes de la Gauche r\u00e9volutionnaire, puis du PSOP, ont eu une influence sur ton activit\u00e9 \u00e9ditoriale\u00a0?<\/span><\/span><\/p>\n<p align=\"justify\"><span style=\"font-family: Arial, serif;\"><span style=\"font-size: medium;\"><b>R. L.<\/b><\/span><\/span><span style=\"font-family: Arial, serif;\"><span style=\"font-size: medium;\">\u00a0: Apr\u00e8s la guerre, j\u2019ai publi\u00e9 un livre tr\u00e8s fortement anticolonialiste intitul\u00e9 <a href=\"https:\/\/archivesautonomies.org\/IMG\/pdf\/spartacus\/spartacus\/cahiersmensuels\/cahiersmensuels-1949-serie2-n09.pdf\">L\u2019Alg\u00e9rie dans l\u2019impasse<\/a>. L\u2019auteur [Sylvain Wisner] disait quelque part\u00a0: \u00ab\u00a0L\u2019Alg\u00e9rie vit sur un volcan\u00a0\u00bb. Pour lui, la R\u00e9volution \u00e9tait in\u00e9vitable. Or, ce bouquin a \u00e9t\u00e9 publi\u00e9 en 1948\u2026<\/span><\/span><\/p>\n<p align=\"justify\"><span style=\"font-family: Arial, serif;\"><span style=\"font-size: medium;\"><b>Des crimes staliniens en France \u00e0 la Lib\u00e9ration<\/b><\/span><\/span><\/p>\n<p align=\"justify\"><span style=\"font-family: Arial, serif;\"><span style=\"font-size: medium;\"><b>Ph. C.<\/b><\/span><\/span><span style=\"font-family: Arial, serif;\"><span style=\"font-size: medium;\">\u00a0: Gu\u00e9rin parle de l\u2019assassinat \u00e0 la Lib\u00e9ration par des militants communistes d\u2019un dirigeant du POUM de L\u00e9rida, <a href=\"https:\/\/bataillesocialiste.wordpress.com\/biographies\/farre-gasso-1892-1944\/\">Joan Farr\u00e9<\/a>, emprisonn\u00e9 en France pendant la guerre<\/span><\/span><a class=\"sdfootnoteanc\" href=\"about:blank#sdfootnote30sym\" name=\"sdfootnote30anc\"><sup><span style=\"font-size: xx-small;\">30<\/span><\/sup><\/a><span style=\"font-family: Arial, serif;\"><span style=\"font-size: medium;\">. Tu as entendu parler de telles affaires\u00a0?<\/span><\/span><\/p>\n<p align=\"justify\"><span style=\"font-family: Arial, serif;\"><span style=\"font-size: medium;\"><b>R. L.<\/b><\/span><\/span><span style=\"font-family: Arial, serif;\"><span style=\"font-size: medium;\">\u00a0: J\u2019ai entendu parler de 700 assassinats commis par les staliniens dans les premi\u00e8res semaines de la Lib\u00e9ration. Cela concernait des militants sortis d\u2019Espagne ou des militants de gauche fran\u00e7ais, des non-communistes, emprisonn\u00e9s sous P\u00e9tain. Cela m\u2019a \u00e9t\u00e9 racont\u00e9 \u00e0 mon retour en France par d\u2019anciens dirigeants du POUM. Personnellement, j\u2019ai eu connaissance plus pr\u00e9cis\u00e9ment d\u2019un cas voisin. On avait charg\u00e9 un ami \u00e0 moi, qui participait \u00e0 un mouvement de R\u00e9sistance, d\u2019assassiner un peu avant la Lib\u00e9ration un gars qui lui \u00e9tait pr\u00e9sent\u00e9 comme \u00ab\u00a0un tra\u00eetre\u00a0\u00bb. Finalement, il ne l\u2019a pas fait, car il s\u2019est aper\u00e7u au dernier moment qu\u2019il s\u2019agissait en fait d\u2019un socialiste influent dans la r\u00e9gion, qui aurait pu g\u00eaner, semble-t-il, le PC \u00e0 la Lib\u00e9ration.<\/span><\/span><\/p>\n<p align=\"justify\"><span style=\"font-family: Arial, serif;\"><span style=\"font-size: medium;\"><b>Ph. C.<\/b><\/span><\/span><span style=\"font-family: Arial, serif;\"><span style=\"font-size: medium;\">\u00a0: \u00c0 La Lib\u00e9ration, tu vas participer au secr\u00e9tariat de r\u00e9daction du <\/span><\/span><span style=\"font-family: Arial, serif;\"><span style=\"font-size: medium;\"><i>Populaire<\/i><\/span><\/span><span style=\"font-family: Arial, serif;\"><span style=\"font-size: medium;\"> [le journal de la SFIO]. Pivert va lui-m\u00eame rejoindre la SFIO. Il fait partie d\u2019ailleurs de la coalition \u00ab\u00a0de gauche\u00a0\u00bb qui porte <a href=\"https:\/\/maitron.fr\/mollet-guy-mollet-alcide-guy\/\">Guy Mollet<\/a> [1906-1975] au secr\u00e9tariat g\u00e9n\u00e9ral de la SFIO en 1946 contre <a href=\"https:\/\/maitron.fr\/mayer-daniel-raphael\/\">Daniel Mayer<\/a> [1909-1996]\u2026<\/span><\/span><\/p>\n<p align=\"justify\"><span style=\"font-family: Arial, serif;\"><span style=\"font-size: medium;\"><b>R. L.<\/b><\/span><\/span><span style=\"font-family: Arial, serif;\"><span style=\"font-size: medium;\">\u00a0: Ce qui n\u2019a pas \u00e9t\u00e9 pour le mieux\u2026<\/span><\/span><\/p>\n<p align=\"justify\"><span style=\"font-family: Arial, serif;\"><span style=\"font-size: medium;\"><b>Ph. C.<\/b><\/span><\/span><span style=\"font-family: Arial, serif;\"><span style=\"font-size: medium;\">\u00a0: Mais peu \u00e0 peu Pivert va \u00eatre amen\u00e9 \u00e0 s\u2019opposer \u00e0 Mollet sur la question coloniale<\/span><\/span><a class=\"sdfootnoteanc\" href=\"about:blank#sdfootnote31sym\" name=\"sdfootnote31anc\"><sup><span style=\"font-size: xx-small;\">31<\/span><\/sup><\/a><span style=\"font-family: Arial, serif;\"><span style=\"font-size: medium;\">\u2026<\/span><\/span><\/p>\n<p align=\"justify\"><span style=\"font-family: Arial, serif;\"><span style=\"font-size: medium;\"><b>R. L.<\/b><\/span><\/span><span style=\"font-family: Arial, serif;\"><span style=\"font-size: medium;\">\u00a0: La Gauche r\u00e9volutionnaire et le PSOP avaient d\u00e9j\u00e0 des positions anticoloniales tr\u00e8s claires, comme tu l\u2019as remarqu\u00e9 tout \u00e0 l\u2019heure.<\/span><\/span><\/p>\n<p align=\"justify\"><span style=\"font-family: Arial, serif;\"><span style=\"font-size: medium;\"><b>Ph. C.<\/b><\/span><\/span><span style=\"font-family: Arial, serif;\"><span style=\"font-size: medium;\">\u00a0: Finalement, qu\u2019est-ce qui vous a amen\u00e9 \u00e0 retourner dans \u00ab\u00a0la vieille maison\u00a0\u00bb<\/span><\/span><a class=\"sdfootnoteanc\" href=\"about:blank#sdfootnote32sym\" name=\"sdfootnote32anc\"><sup><span style=\"font-size: xx-small;\">32<\/span><\/sup><\/a><span style=\"font-family: Arial, serif;\"><span style=\"font-size: medium;\"> et qu\u2019est-ce qui t\u2019a conduit \u00e0 la quitter de nouveau, Pivert y restant jusqu\u2019\u00e0 sa mort en 1958\u00a0?<\/span><\/span><\/p>\n<p align=\"justify\"><span style=\"font-family: Arial, serif;\"><span style=\"font-size: medium;\"><b>R. L.<\/b><\/span><\/span><span style=\"font-family: Arial, serif;\"><span style=\"font-size: medium;\">\u00a0: Il n\u2019y avait aucune organisation trotskyste ou stalinienne qui ne me r\u00e9pugn\u00e2t profond\u00e9ment. \u00c0 des degr\u00e9s divers d\u2019ailleurs, parce qu\u2019il est \u00e9vident que je ne mets pas dans la m\u00eame peau les trotskystes et les staliniens. Mais les trotskystes restent tr\u00e8s bolch\u00e9vis\u00e9s au mauvais sens du terme. Et puis, j\u2019avais go\u00fbt\u00e9 \u00e0 la grande organisation\u00a0! Alors il n\u2019y avait que la SFIO. Je connaissais <a href=\"https:\/\/www.lemonde.fr\/archives\/article\/1985\/02\/06\/un-nouveau-style-d-information_2749749_1819218.html\">Maurice Si\u00e9gel<\/a> [1919-1985] d\u2019avant-guerre. Il avait suivi mes petites publications et il m\u2019a demand\u00e9 de venir travailler au <\/span><\/span><span style=\"font-family: Arial, serif;\"><span style=\"font-size: medium;\"><i>Populaire<\/i><\/span><\/span><span style=\"font-family: Arial, serif;\"><span style=\"font-size: medium;\">. Je crois qu\u2019il me surestimait beaucoup et, en fait, je pense que je n\u2019ai pas \u00e9t\u00e9 un secr\u00e9taire de r\u00e9daction bien brillant au <\/span><\/span><span style=\"font-family: Arial, serif;\"><span style=\"font-size: medium;\"><i>Populaire<\/i><\/span><\/span><span style=\"font-family: Arial, serif;\"><span style=\"font-size: medium;\">. J\u2019y suis rest\u00e9 une ann\u00e9e et, de l\u00e0, je suis pass\u00e9 aux \u00c9ditions de la Libert\u00e9, les \u00e9ditions du Parti dirig\u00e9es par Mme Fuzier\u00a0? Certaines brochures ont ainsi \u00e9t\u00e9 co-publi\u00e9es par les \u00c9ditions de la Libert\u00e9 et Spartacus, que j\u2019avais repris, notamment des textes de <a href=\"https:\/\/maitron.fr\/jaures-jean-jaures-auguste-marie-joseph-jean\/\">Jaur\u00e8s<\/a> [1859-1914]. Mais en 1949-50, une chute des ventes li\u00e9e au climat g\u00e9n\u00e9ral de d\u00e9sint\u00e9r\u00eat pour la critique politique, tel qu\u2019on peut le conna\u00eetre aujourd\u2019hui [en 1984], m\u2019a amen\u00e9 \u00e0 arr\u00eater Spartacus. J\u2019ai repris alors le boulot de correcteur. Et puis, je participais \u00e0 la r\u00e9daction d\u2019un bimensuel anti-stalinien, <\/span><\/span><span style=\"font-family: Arial, serif;\"><span style=\"font-size: medium;\"><i>Informations et ripostes<\/i><\/span><\/span><span style=\"font-family: Arial, serif;\"><span style=\"font-size: medium;\"> [1950-1953] avec des collaborateurs habituels et des amis socialistes. Nous avons arr\u00eat\u00e9 \u00e0 la mort de Staline. Un peu apr\u00e8s l\u2019arriv\u00e9e au Pouvoir de Mollet en 1956, en d\u00e9saccord avec les orientations de sa politique<\/span><\/span><a class=\"sdfootnoteanc\" href=\"about:blank#sdfootnote33sym\" name=\"sdfootnote33anc\"><sup><span style=\"font-size: xx-small;\">33<\/span><\/sup><\/a><span style=\"font-family: Arial, serif;\"><span style=\"font-size: medium;\">, j\u2019ai quitt\u00e9 la SFIO, mais sur la pointe des pieds, sans fanfare. J\u2019avais quitt\u00e9 auparavant les \u00c9ditions de la Libert\u00e9 qui tombaient en quenouille. Parce qu\u2019une des caract\u00e9ristiques de Mollet alors, c\u2019\u00e9tait son d\u00e9sint\u00e9r\u00eat pour la formation culturelle et doctrinale des militants. Apr\u00e8s sa mise \u00e0 l\u2019\u00e9cart du PS, il a cr\u00e9\u00e9 <a href=\"https:\/\/www.lours.org\/archives\/default669e.html?pid=193\">l\u2019OURS<\/a> [Office universitaire de recherche socialiste, cr\u00e9\u00e9 en 1969], qui est pas mal, qui apporte des \u00e9l\u00e9ments int\u00e9ressants, mais ce n\u2019\u00e9tait pas du tout le cas quand il \u00e9tait secr\u00e9taire g\u00e9n\u00e9ral. Apr\u00e8s, je n\u2019ai gu\u00e8re eu d\u2019activit\u00e9 politique jusqu\u2019\u00e0 ma retraite [fin 1967], car j\u2019\u00e9tais assez d\u00e9courag\u00e9. En 1957, j\u2019ai entrepris la construction d\u2019une maison sur un terrain de banlieue. Un ma\u00e7on est orphelin s\u2019il n\u2019a pas de maison.<\/span><\/span><\/p>\n<p align=\"justify\"><span style=\"font-family: Arial, serif;\"><span style=\"font-size: medium;\"><b>Ph. C.<\/b><\/span><\/span><span style=\"font-family: Arial, serif;\"><span style=\"font-size: medium;\">\u00a0: Est-ce que tu connais les conditions dans lesquelles Zyromski est entr\u00e9 au PC \u00e0 la Lib\u00e9ration\u00a0?<\/span><\/span><\/p>\n<p align=\"justify\"><span style=\"font-family: Arial, serif;\"><span style=\"font-size: medium;\"><b>R. L.<\/b><\/span><\/span><span style=\"font-family: Arial, serif;\"><span style=\"font-size: medium;\">\u00a0: Je ne le sais pas pr\u00e9cis\u00e9ment. Ce serait \u00e0 travers la R\u00e9sistance, le PC lui aurait offert un poste de s\u00e9nateur. Je ne veux surtout pas le rabaisser. Je crois que c\u2019\u00e9tait un type honn\u00eate au fond. Du moins tel que je l\u2019ai connu, tel que je l\u2019ai vue vivre \u00e0 la 5<\/span><\/span><sup><span style=\"font-family: Arial, serif;\"><span style=\"font-size: medium;\">e<\/span><\/span><\/sup><span style=\"font-family: Arial, serif;\"><span style=\"font-size: medium;\"> section [de Paris de la SFIO]. Il n\u2019a pas \u00e9t\u00e9 parmi les acharn\u00e9s contre Marceau Pivert. En g\u00e9n\u00e9ral, quand des gens se s\u00e9parent, ils se salissent mutuellement. Je n\u2019ai jamais entendu dire qu\u2019il ait fait cette chose-l\u00e0.<\/span><\/span><\/p>\n<p align=\"justify\"><span style=\"font-family: Arial, serif;\"><span style=\"font-size: medium;\"><b>1968-1979\u00a0: relance de l\u2019\u00e9dition militante<\/b><\/span><\/span><\/p>\n<p align=\"justify\"><span style=\"font-family: Arial, serif;\"><span style=\"font-size: medium;\"><b>Ph. C.<\/b><\/span><\/span><span style=\"font-family: Arial, serif;\"><span style=\"font-size: medium;\">\u00a0: Tu as red\u00e9marr\u00e9 l\u2019\u00e9dition quand\u00a0?<\/span><\/span><\/p>\n<p align=\"justify\"><span style=\"font-family: Arial, serif;\"><span style=\"font-size: medium;\"><b>R. L.<\/b><\/span><\/span><span style=\"font-family: Arial, serif;\"><span style=\"font-size: medium;\">\u00a0: En 1968. J\u2019avais 66 ans et je disposais d\u2019un stock important de brochures dont la vente avait repris. Entre 1968 et 1979, je vais publier 15 num\u00e9ros de la revue Spartacus et une centaine de bouquins\u00a0: Pannekoek, Korsch, Mattick, Archinov, etc. \u00c0 la fois des marxistes h\u00e9t\u00e9rodoxes et des libertaires, ce qui a fait d\u00e9couvrir au public des \u00e9l\u00e9ments de l\u2019histoire et de la pens\u00e9e r\u00e9volutionnaires qui \u00e9taient jusque-l\u00e0 tr\u00e8s peu connus. M\u00eame Rosa Luxemburg\u00a0: Maspero<\/span><\/span><a class=\"sdfootnoteanc\" href=\"about:blank#sdfootnote34sym\" name=\"sdfootnote34anc\"><sup><span style=\"font-size: xx-small;\">34<\/span><\/sup><\/a><span style=\"font-family: Arial, serif;\"><span style=\"font-size: medium;\"> n\u2019a commenc\u00e9 \u00e0 s\u2019y int\u00e9resser qu\u2019une fois que les bouquins que j\u2019avais publi\u00e9s dans les ann\u00e9es 50 ont \u00e9t\u00e9 remis en vente. Mais en 1979, je suis tomb\u00e9 gravement malade et j\u2019ai d\u00fb arr\u00eater pendant un temps.<\/span><\/span><\/p>\n<p align=\"justify\"><span style=\"font-family: Arial, serif;\"><span style=\"font-size: medium;\"><b>Ph. C.<\/b><\/span><\/span><span style=\"font-family: Arial, serif;\"><span style=\"font-size: medium;\">\u00a0: Et aujourd\u2019hui [en 1984] ?<\/span><\/span><\/p>\n<p align=\"justify\"><span style=\"font-family: Arial, serif;\"><span style=\"font-size: medium;\"><b>R. L.<\/b><\/span><\/span><span style=\"font-family: Arial, serif;\"><span style=\"font-size: medium;\">\u00a0: On a repris, mais on rencontre de s\u00e9rieuses difficult\u00e9s financi\u00e8res. On est toutefois d\u00e9cid\u00e9s \u00e0 continuer. Une association, Les Amis de Spartacus, notamment avec des jeunes, a \u00e9t\u00e9 cr\u00e9\u00e9e [en 1979], et c\u2019est elle qui dirige dor\u00e9navant Spartacus. Je pense que Spartacus peut apporter des \u00e9l\u00e9ments de clart\u00e9 dans la confusion id\u00e9ologique actuelle, en rappelant notamment les racines historiques du combat r\u00e9volutionnaire pour l\u2019\u00e9mancipation des travailleurs.<\/span><\/span><\/p>\n<p align=\"justify\"><span style=\"font-family: Arial, serif;\"><span style=\"font-size: medium;\"><b>Ph. C.<\/b><\/span><\/span><span style=\"font-family: Arial, serif;\"><span style=\"font-size: medium;\">\u00a0: Quelle est ton attitude aujourd\u2019hui par rapport au marxisme\u00a0?<\/span><\/span><\/p>\n<p align=\"justify\"><span style=\"font-family: Arial, serif;\"><span style=\"font-size: medium;\"><b>R. L.<\/b><\/span><\/span><span style=\"font-family: Arial, serif;\"><span style=\"font-size: medium;\">\u00a0: Je serais pour un marxisme libertaire. Je consid\u00e8re encore que l\u2019apport de Marx est fondamental. Mais il a quand m\u00eame donn\u00e9 naissance \u00e0 des courants autoritaires. Par exemple L\u00e9nine, qui s\u2019est recommand\u00e9 de lui en le tortillant comme il pouvait, en le trahissant selon moi. Et il y a dans le marxisme des id\u00e9es parfois contradictoires qui demandent \u00e0 \u00eatre r\u00e9vis\u00e9es. De toute fa\u00e7on, il n\u2019existe pas <\/span><\/span><span style=\"font-family: Arial, serif;\"><span style=\"font-size: medium;\"><i>un<\/i><\/span><\/span><span style=\"font-family: Arial, serif;\"><span style=\"font-size: medium;\"> marxisme, il existe de multiples interpr\u00e9tations de Marx, multiplicit\u00e9 qui est assez justifi\u00e9e par les nuances m\u00eames de la pens\u00e9e de Marx qui a \u00e9volu\u00e9. Par exemple, il n\u2019aurait plus \u00e9crit apr\u00e8s la Commune [de Paris, en 1871] <\/span><\/span><span style=\"font-family: Arial, serif;\"><span style=\"font-size: medium;\"><i>Le Manifeste communiste<\/i><\/span><\/span><span style=\"font-family: Arial, serif;\"><span style=\"font-size: medium;\"> [1848] de la m\u00eame fa\u00e7on. Et puis il y a l\u2019apport non n\u00e9gligeable de gens comme <a href=\"https:\/\/maitron.fr\/bakounine-michel-bakounine-mikhail-alexandrovitch-ou-michel\/\">Bakounine<\/a> [1814-1876]. Sur un autre plan, il faut rappeler d\u2019ailleurs que, dans leurs pol\u00e9miques, Marx et Bakounine utilisaient des moyens vraiment politiciens pour se tirer dans les pattes. Pour en revenir \u00e0 ta question, je consid\u00e8re le marxisme comme la base la plus solide jusqu\u2019\u00e0 ce qu\u2019on ait trouv\u00e9 quelque chose de nouveau, Mais aujourd\u2019hui, il s\u2019agit surtout de tirer des le\u00e7ons des exp\u00e9riences et des mouvements r\u00e9volutionnaires qui se sont produits depuis la derni\u00e8re guerre, et surtout tirer les le\u00e7ons de ce qu\u2019on a pu faire du marxisme \u00e0 travers le bolchevisme, qui est une v\u00e9ritable n\u00e9gation du marxisme tel que je le comprends.<\/span><\/span><\/p>\n<p align=\"justify\"><span style=\"font-family: Arial, serif;\"><span style=\"font-size: medium;\"><b>Ph. C.<\/b><\/span><\/span><span style=\"font-family: Arial, serif;\"><span style=\"font-size: medium;\">\u00a0: Pour finir, je voudrais savoir ce que tu penses, en tant qu\u2019ancien militant r\u00e9volutionnaire au sein de la SFIO, des militant(e) s qui aujourd\u2019hui continuent \u00e0 travailler au sein du PS dans une perspective anticapitaliste\u00a0?<\/span><\/span><\/p>\n<p align=\"justify\"><span style=\"font-family: Arial, serif;\"><span style=\"font-size: medium;\"><b>R. L.<\/b><\/span><\/span><span style=\"font-family: Arial, serif;\"><span style=\"font-size: medium;\">\u00a0: Moi, je pense qu\u2019ils n\u2019ont pas d\u2019autre choix. Ou ils font un PSU qui devient vite squelettique. Ou ils agissent dans un parti de masse. Et l\u00e0, en dehors des staliniens, il n\u2019y a que le PS. Je ne d\u00e9sapprouve donc pas ces militants, m\u00eame si personnellement je n\u2019adh\u00e8rerais pas aujourd\u2019hui au PS, qui est d\u2019ailleurs en train de rendre de grands services au capitalisme\u2026<\/span><\/span><\/p>\n<p align=\"justify\">*************************************<\/p>\n<p align=\"justify\"><span style=\"font-family: Arial, serif;\"><span style=\"font-size: medium;\"><b>Post-scriptum<\/b><\/span><\/span><span style=\"font-family: Arial, serif;\"><span style=\"font-size: medium;\">\u00a0<strong>:<\/strong> <strong>Un nouveau logiciel \u00e0 inventer \u00e0 gauche \u00e0 partir du meilleur des h\u00e9ritages et de la critique des impasses<\/strong><\/span><\/span><\/p>\n<p align=\"justify\"><span style=\"font-family: Arial, serif;\"><span style=\"font-size: medium;\">\u00ab Au PS, qui est d\u2019ailleurs en train de rendre de grands services au capitalisme \u00bb, termine Ren\u00e9 Lefeuvre en 1984, peu de temps apr\u00e8s le tournant de 1983 vers une forme soft de n\u00e9olib\u00e9ralisme par le gouvernement \u00e0 direction socialiste, avec Fran\u00e7ois Mitterrand comme Pr\u00e9sident de la R\u00e9publique et Pierre Mauroy comme Premier ministre. Pour ma part, j\u2019ai quitt\u00e9 le PS en 1992, alors que j\u2019actais que le combat int\u00e9rieur ne permettrait pas de revenir sur la d\u00e9rive sociale-lib\u00e9rale entam\u00e9e en 1983, aggrav\u00e9e par la soumission du Pouvoir socialiste \u00e0 la politique imp\u00e9rialiste am\u00e9ricaine lors de la \u00ab premi\u00e8re guerre du Golfe \u00bb (ao\u00fbt 1990 \u2014 f\u00e9vrier 1991). Le marxisme n\u2019\u00e9tait plus, non plus pour moi, l\u2019axe central de r\u00e9f\u00e9rence politico-intellectuelle. Aujourd\u2019hui, la gauche a \u00e0 r\u00e9inventer radicalement un logiciel, qui ne peut, \u00e0 mon avis, ni d\u00e9pendre d\u2019une orientation marxiste, ni de l\u2019anarchisme en tant que doctrine suppos\u00e9e unifi\u00e9e, mais qui a besoin d\u2019une composante marxiste comme d\u2019un aiguillon libertaire dans une configuration pluraliste soucieuse de l\u2019intersection des formes d\u2019oppression. Ce logiciel \u00e0 venir aurait \u00e9galement besoin de l\u2019h\u00e9t\u00e9rodoxie anti-stalinienne, du pragmatisme radical et de l\u2019humilit\u00e9 d\u2019intellectuels populaires comme Ren\u00e9 Lefeuvre, en n\u2019oubliant pas l\u2019histoire du mouvement ouvrier et socialiste \u00e0 la transmission de laquelle il a pass\u00e9 tant d\u2019ann\u00e9es.<\/span><\/span><\/p>\n<p align=\"right\"><span style=\"font-family: Arial, serif;\"><span style=\"font-size: medium;\"><b>Philippe Corcuff, 30 ao\u00fbt 2026<\/b><\/span><\/span><\/p>\n<div id=\"sdfootnote1\">\n<p align=\"justify\"><span style=\"font-size: small;\"><a class=\"sdfootnotesym\" href=\"about:blank#sdfootnote1anc\" name=\"sdfootnote1sym\">1<\/a><span style=\"font-family: Arial, serif;\">\u00a0Section fran\u00e7aise de l\u2019Internationale ouvri\u00e8re, le nom \u00e0 l\u2019\u00e9poque du Parti socialiste, en r\u00e9f\u00e9rence \u00e0 la II<\/span><sup><span style=\"font-family: Arial, serif;\">e<\/span><\/sup><span style=\"font-family: Arial, serif;\"> Internationale sociale-d\u00e9mocrate cr\u00e9\u00e9e en 1889, ayant succ\u00e9d\u00e9 \u00e0 la I<\/span><sup><span style=\"font-family: Arial, serif;\">re<\/span><\/sup><span style=\"font-family: Arial, serif;\"> Internationale, de Marx et Bakounine, fond\u00e9e en 1864\u00a0; en rupture avec la II<\/span><sup><span style=\"font-family: Arial, serif;\">e<\/span><\/sup><span style=\"font-family: Arial, serif;\"> Internationale, na\u00eet en 1919, dans le sillage de la R\u00e9volution bolchevique de 1917, la III<\/span><sup><span style=\"font-family: Arial, serif;\">e<\/span><\/sup><span style=\"font-family: Arial, serif;\"> Internationale communiste\u00a0; en 1938, L\u00e9on Trotsky, pourchass\u00e9 par les partisans de Staline ayant pris le pouvoir dans la III<\/span><sup><span style=\"font-family: Arial, serif;\">e<\/span><\/sup><span style=\"font-family: Arial, serif;\"> Internationale, cr\u00e9e la IV<\/span><sup><span style=\"font-family: Arial, serif;\">e<\/span><\/sup><span style=\"font-family: Arial, serif;\"> Internationale trotskyste.<\/span><\/span><\/p>\n<\/div>\n<div id=\"sdfootnote2\">\n<p align=\"justify\"><span style=\"font-size: small;\"><a class=\"sdfootnotesym\" href=\"about:blank#sdfootnote2anc\" name=\"sdfootnote2sym\">2<\/a><span style=\"font-family: Arial, serif;\">\u00a0La revue <\/span><span style=\"font-family: Arial, serif;\"><i>Masses<\/i><\/span><span style=\"font-family: Arial, serif;\"> est cr\u00e9\u00e9e en 1933 par Ren\u00e9 Lefeuvre et para\u00eet de mani\u00e8re irr\u00e9guli\u00e8re jusqu\u2019en 1939, puis repara\u00eet en 1946-1948.<\/span><\/span><\/p>\n<\/div>\n<div id=\"sdfootnote3\">\n<p align=\"justify\"><span style=\"font-size: small;\"><a class=\"sdfootnotesym\" href=\"about:blank#sdfootnote3anc\" name=\"sdfootnote3sym\">3<\/a><span style=\"font-family: Arial, serif;\">\u00a0<a href=\"https:\/\/maitron.fr\/serge-victor-kibaltchitch-victor-lvovitch-napoleon-dit-pseudonymes-le-retif-ralph-yor-le-masque-vk-albert-r-ou-dr-albert-v-lvovitch-stern-victor-klein-viktor-ber\/\">Victor Serge (1890-1947)<\/a> \u00e9crivain, po\u00e8te, journaliste et militant r\u00e9volutionnaire d\u2019origine russe, est n\u00e9 \u00e0 Bruxelles. Il est d\u2019abord jeune socialiste, puis anarchiste. Il d\u00e9barque en Russie en 1919 et adh\u00e8re au Parti bolchevique. Au cours de la stalinisation, il sera membre de \u00ab\u00a0l\u2019opposition de gauche\u00a0\u00bb (1923-1927) anim\u00e9e par <a href=\"https:\/\/maitron.fr\/trotsky-leon-parfois-trotski-leon-ne-bronstein-lev-davydovitch-nom-apres-mariage-figurant-sur-son-passeport-apres-1917-sedov-lev-davydovitch-pseudonymes-alfa-1915-1939-1905\/\">L\u00e9on Trotsky (1879-1940)<\/a>. Il est exclu du Parti communiste russe en 1928 et d\u00e9port\u00e9 dans l\u2019Oural en 1933. Il est lib\u00e9r\u00e9 et expuls\u00e9 d\u2019URSS en 1936 \u00e0 la suite d\u2019une campagne internationale en sa faveur. Il s\u2019\u00e9loignera alors du trotskysme tout en demeurant un socialiste internationaliste et antistalinien ind\u00e9pendant. Il meurt \u00e0 Mexico dans le d\u00e9nuement.<\/span><\/span><\/p>\n<\/div>\n<div id=\"sdfootnote4\">\n<p align=\"justify\"><span style=\"font-size: small;\"><a class=\"sdfootnotesym\" href=\"about:blank#sdfootnote4anc\" name=\"sdfootnote4sym\">4<\/a><span style=\"font-family: Arial, serif;\">\u00a0Ren\u00e9 Lefeuvre devient secr\u00e9taire des \u00ab\u00a0Amis de <\/span><span style=\"font-family: Arial, serif;\"><i>Monde<\/i><\/span><span style=\"font-family: Arial, serif;\">\u00a0\u00bb en 1930. <\/span><span style=\"font-family: Arial, serif;\"><i>Monde<\/i><\/span><span style=\"font-family: Arial, serif;\"> est un hebdomadaire de gauche pluraliste fond\u00e9e en 1928 par l\u2019\u00e9crivain pacifiste <a href=\"https:\/\/maitron.fr\/barbusse-henri-adrien-gustave-henri\/\">Henri Barbusse (1873-1935)<\/a>, qui a adh\u00e9r\u00e9 au Parti communiste en 1923, mais avec un souci pluraliste qui a pu cr\u00e9er des tensions avec l\u2019Internationale communiste. Barbusse est l\u2019auteur du roman <\/span><span style=\"font-family: Arial, serif;\"><i>Le Feu<\/i><\/span><span style=\"font-family: Arial, serif;\">, paru en 1916, qui retrace son exp\u00e9rience au front pendant la Premi\u00e8re Guerre mondiale et qui re\u00e7oit le prix Goncourt cette ann\u00e9e-l\u00e0.<\/span><\/span><\/p>\n<\/div>\n<div id=\"sdfootnote5\">\n<p align=\"justify\"><span style=\"font-size: small;\"><a class=\"sdfootnotesym\" href=\"about:blank#sdfootnote5anc\" name=\"sdfootnote5sym\">5<\/a><span style=\"font-family: Arial, serif;\">\u00a0<a href=\"https:\/\/maitron.fr\/souvarine-boris-lifschitz-boris-dit-dit-varine\/\">Boris Souvarine (1895-1984)<\/a> est un r\u00e9volutionnaire n\u00e9 \u00e0 Kiev et mort \u00e0 Paris. Il adh\u00e8re d\u2019abord au Parti socialiste-SFIO en 1916, puis est un des fondateurs du Parti communiste fran\u00e7ais en 1920, dont il est exclu en 1924 \u00e0 cause de ses critiques. Il devient alors un communiste antistalinien, notamment au sein du Cercle communiste d\u00e9mocratique (1930-1934) et de la revue <\/span><span style=\"font-family: Arial, serif;\"><i>La critique sociale<\/i><\/span><span style=\"font-family: Arial, serif;\"> (1931-1934). Il rejoint les \u00c9tats-Unis en 1941 et revient en France en 1947.<\/span><\/span><\/p>\n<\/div>\n<div id=\"sdfootnote6\">\n<p align=\"justify\"><span style=\"font-size: small;\"><a class=\"sdfootnotesym\" href=\"about:blank#sdfootnote6anc\" name=\"sdfootnote6sym\">6<\/a>\u00a0<span style=\"font-family: Arial, serif;\"><i>Cahiers Spartacus<\/i><\/span><span style=\"font-family: Arial, serif;\">\u00a0: autre nom des \u00c9ditions Spartacus, qui au d\u00e9part faisaient para\u00eetre ses livres et brochures sous la forme de <\/span><span style=\"font-family: Arial, serif;\"><i>Cahiers<\/i><\/span><span style=\"font-family: Arial, serif;\"> mensuels. On trouve les PDF de certains de ces <\/span><span style=\"font-family: Arial, serif;\"><i>Cahiers<\/i><\/span><span style=\"font-family: Arial, serif;\"> sur le site du collectif Archives Autonomies\u00a0!\u00a0: <a href=\"https:\/\/archivesautonomies.org\/spip.php?rubrique540\">https:\/\/archivesautonomies.org\/spip.php?rubrique540<\/a>. <\/span><\/span><\/p>\n<\/div>\n<div id=\"sdfootnote7\">\n<p align=\"justify\"><span style=\"font-size: small;\"><a class=\"sdfootnotesym\" href=\"about:blank#sdfootnote7anc\" name=\"sdfootnote7sym\">7<\/a><span style=\"font-family: Arial, serif;\">\u00a0Le premier livre publi\u00e9 par les \u00c9ditions Spartacus est <\/span><a href=\"https:\/\/archivesautonomies.org\/IMG\/pdf\/spartacus\/spartacus\/cahiersmensuels\/cahiersmensuels-1936-victorserge.pdf\"><span style=\"font-family: Arial, serif;\"><i>16 fusill\u00e9s. O\u00f9 va la R\u00e9volution russe\u00a0?<\/i><\/span><span style=\"font-family: Arial, serif;\"> de Victor Serge<\/span><\/a><span style=\"font-family: Arial, serif;\"> en octobre 1936.<\/span><\/span><\/p>\n<\/div>\n<div id=\"sdfootnote8\">\n<p align=\"justify\"><span style=\"font-size: small;\"><a class=\"sdfootnotesym\" href=\"about:blank#sdfootnote8anc\" name=\"sdfootnote8sym\">8<\/a><span style=\"font-family: Arial, serif;\">\u00a0<a href=\"https:\/\/maitron.fr\/tasca-angelo-pseudonymes-rienzi-baule-valle-verri-serra-rossi-amilcare-leroux-andre-lynx-servant-jean\/\">Amilcare Rossi (de son vrai nom Angelo Tasca, 1892-1960)<\/a> a \u00e9t\u00e9 un des dirigeants du Parti communiste italien \u00e0 partir de sa cr\u00e9ation en 1921 et en est exclu en 1929 sur ordre de Moscou. C\u2019est \u00e0 partir de 1930, r\u00e9fugi\u00e9 en France, qu\u2019il entre dans la r\u00e9daction de la revue <\/span><span style=\"font-family: Arial, serif;\"><i>Monde<\/i><\/span><span style=\"font-family: Arial, serif;\">. Il s\u2019engagea \u00e0 la SFIO en 1934 et au Parti socialiste italien en 1935. Il devient vichyste \u00e0 partir de 1940 en occupant des fonctions officielles. Il connut la prison quelques semaines \u00e0 la Lib\u00e9ration en 1944, mais ayant d\u00e9velopp\u00e9 des contacts avec un r\u00e9seau de R\u00e9sistance belge pendant sa p\u00e9riode vichyste, il fut lib\u00e9r\u00e9.<\/span><\/span><\/p>\n<\/div>\n<div id=\"sdfootnote9\">\n<p align=\"justify\"><span style=\"font-size: small;\"><a class=\"sdfootnotesym\" href=\"about:blank#sdfootnote9anc\" name=\"sdfootnote9sym\">9<\/a><span style=\"font-family: Arial, serif;\">\u00a0<a href=\"https:\/\/maitron.fr\/laurat-lucien-maschl-otto-dit-pseudonymes-ilescu-ant-jimel-marin-lucien-minard-a-primus-stumberg-ramon-louis-revolucien-textor-karl-vero-dbk\/\">Lucien Laurat (1898-1973)<\/a> est n\u00e9 \u00e0 Vienne (Autriche-Hongrie) et mort \u00e0 Paris. Il fut socialiste, puis membre du Parti communiste autrichien cr\u00e9\u00e9 en 1918, puis du PCF \u00e0 partir de 1921. Apr\u00e8s l\u2019exclusion de Souvarine en 1924, il fr\u00e9quente les secteurs anti-staliniens de la mouvance communiste, avant de rompre avec elle au moment de son installation \u00e0 Paris en f\u00e9vrier 1928. Il devint un \u00e9conomiste marxiste, notamment au sein de l\u2019Institut sup\u00e9rieur de la CGT (alors de sensibilit\u00e9 socialiste et le premier syndicat en France) et collabora \u00e0 <\/span><span style=\"font-family: Arial, serif;\"><i>Monde<\/i><\/span><span style=\"font-family: Arial, serif;\"> ainsi qu\u2019\u00e0 <\/span><span style=\"font-family: Arial, serif;\"><i>La critique sociale<\/i><\/span><span style=\"font-family: Arial, serif;\">. Il adh\u00e8re \u00e0 la SFIO en 1932. Apr\u00e8s la victoire allemande, il effectua une \u00ab\u00a0collaboration alimentaire prudente, mais regrettable\u00a0\u00bb, selon les mots de Souvarine, ce qui conduit \u00e0 son emprisonnement \u00e0 la Lib\u00e9ration de septembre 1944 \u00e0 f\u00e9vrier 1945. Il est alors exclu de la SFIO, mais r\u00e9int\u00e9gr\u00e9 quelques ann\u00e9es plus tard.<\/span><\/span><\/p>\n<\/div>\n<div id=\"sdfootnote10\">\n<p align=\"justify\"><span style=\"font-size: small;\"><a class=\"sdfootnotesym\" href=\"about:blank#sdfootnote10anc\" name=\"sdfootnote10sym\">10<\/a><span style=\"font-family: Arial, serif;\">\u00a0En fait, l\u2019USTEI constitue une transformation de l\u2019USTICA (cr\u00e9\u00e9e en 1919), d\u2019abord transform\u00e9e en 1928 en UST (Union des Syndicats de Techniciens), elle-m\u00eame transform\u00e9e en USTEI en 1932. C\u2019est cela que vise le mot \u00ab\u00a0filiale\u00a0\u00bb utilis\u00e9 par Lefeuvre.<\/span><\/span><\/p>\n<\/div>\n<div id=\"sdfootnote11\">\n<p align=\"justify\"><span style=\"font-size: small;\"><a class=\"sdfootnotesym\" href=\"about:blank#sdfootnote11anc\" name=\"sdfootnote11sym\">11<\/a><span style=\"font-family: Arial, serif;\">\u00a0Dans un premier temps, la direction du PCF suit l\u2019orientation de l\u2019Internationale communiste stalinienne dite \u00ab\u00a0classe contre classe\u00a0\u00bb d\u00e9non\u00e7ant le \u00ab\u00a0social-fascisme\u00a0\u00bb des partis sociaux-d\u00e9mocrates et socialistes. Ainsi les anciens combattants communistes, rassembl\u00e9s dans l\u2019ARAC (Association r\u00e9publicaine des anciens combattants), participent aux manifestations du 6 f\u00e9vrier 1934, mais sans se m\u00ealer directement aux ligueurs d\u2019extr\u00eame droite. C\u2019est que vise Lefeuvre lorsqu\u2019il parle de \u00ab\u00a0la collusion entre les communistes et les fascisants\u00a0\u00bb. C\u2019est \u00e0 partir de la gr\u00e8ve g\u00e9n\u00e9rale appel\u00e9e le 12 f\u00e9vrier par la CGT de sensibilit\u00e9 socialiste qu\u2019un processus unitaire s\u2019amorce \u00e0 gauche par la base et d\u00e9bouchant sur le Front populaire en 1936. Voir l\u2019historien Romain Ducoulombier, <a href=\"https:\/\/www.jean-jaures.org\/publication\/6-fevrier-1934-levenement-choc-les-droites-les-gauches-et-la-rue\/\">\u00ab\u00a06 f\u00e9vrier 1934, l\u2019\u00e9v\u00e9nement choc\u00a0: les droites, les gauches et la rue\u00a0\u00bb<\/a>, site de la Fondation Jean Jaur\u00e8s, 1<\/span><sup><span style=\"font-family: Arial, serif;\">er<\/span><\/sup><span style=\"font-family: Arial, serif;\"> f\u00e9vrier 2024.<\/span><\/span><\/p>\n<\/div>\n<div id=\"sdfootnote12\">\n<p align=\"justify\"><span style=\"font-size: small;\"><a class=\"sdfootnotesym\" href=\"about:blank#sdfootnote12anc\" name=\"sdfootnote12sym\">12<\/a><span style=\"font-family: Arial, serif;\">\u00a0La Bataille socialiste est une tendance de gauche de la SFIO cr\u00e9e en 1927. <a href=\"https:\/\/maitron.fr\/zyromski-jean\/\">Jean Zyromski (1890-1975)<\/a>, adh\u00e9rent de la SFIO \u00e0 partir de 1912, l\u2019animera jusqu\u2019en 1939. Pendant la guerre, il contribua \u00e0 la R\u00e9sistance socialiste dans le Lot-et-Garonne. Il adh\u00e8re au PCF en 1945, et devient membre du Conseil de la R\u00e9publique (l\u2019\u00e9quivalent du S\u00e9nat) en 1946-1948. Il cessa toute activit\u00e9 politique apr\u00e8s l\u2019intervention sovi\u00e9tique en Tch\u00e9coslovaquie en 1968. <a href=\"https:\/\/maitron.fr\/pivert-marceau-souverain-nouvelle-version\/\">Marceau Pivert (1895-1958)<\/a> adh\u00e8re \u00e0 la SFIO en 1924 et rejoint La Bataille socialiste en 1927. Il rompt avec Zyromski en 1935 pour cr\u00e9er une nouvelle tendance\u00a0: la Gauche r\u00e9volutionnaire. Cette tendance, de plus en plus critique \u00e0 l\u2019\u00e9gard de la politique du Front populaire comme des orientations de la SFIO, fait l\u2019objet de sanctions de la part de la direction du Parti et le quitte en 1938 pour cr\u00e9er le Parti socialiste ouvrier et paysan (PSOP), qui arr\u00eate ses activit\u00e9s en 1939. Pivert s\u2019exile au Mexique, demeurant en contact avec des militants du PSOP entr\u00e9s dans la R\u00e9sistance int\u00e9rieure. \u00c0 Mexico, il anime un Comit\u00e9 d\u2019aide aux victimes du fascisme. D\u00e9but 1943, il \u00e9chappe de justesse \u00e0 la mort avec Victor Serge\u00a0lors d\u2019un meeting attaqu\u00e9 par des communistes mexicains staliniens\u00a0: ils sont sauv\u00e9s in extremis par la police mexicaine au moment o\u00f9 tous les deux sont \u00ab derri\u00e8re la derni\u00e8re barricade, revolver au poing \u00bb. Il revient en France en 1946 et retourne \u00e0 la SFIO. En 1954, il participe \u00e0 la cr\u00e9ation de Mouvement justice et libert\u00e9 outremer (MJLOM), branche fran\u00e7aise du Conseil mondial pour la lib\u00e9ration coloniale, en d\u00e9fendant une solution pacifique pour l\u2019Alg\u00e9rie passant par l\u2019autod\u00e9termination, en s\u2019opposant alors \u00e0 la majorit\u00e9 de la SFIO.<\/span><\/span><\/p>\n<\/div>\n<div id=\"sdfootnote13\">\n<p align=\"justify\"><span style=\"font-size: small;\"><a class=\"sdfootnotesym\" href=\"about:blank#sdfootnote13anc\" name=\"sdfootnote13sym\">13<\/a><span style=\"font-family: Arial, serif;\">\u00a0<a href=\"https:\/\/maitron.fr\/rosmer-alfred-griot-andre-alfred-dit-autre-pseudonyme-alfred-andre\/\">Alfred Rosmer (1877-1964)<\/a> est n\u00e9 aux \u00c9tats-Unis et est mort \u00e0 Cr\u00e9teil. Son p\u00e8re est coiffeur, lui a \u00e9t\u00e9 employ\u00e9 aux \u00e9critures, puis correcteur d\u2019imprimerie. Issu d\u2019une famille dreyfusarde, il a fr\u00e9quent\u00e9 jeune les milieux anarchistes. Syndiqu\u00e9 depuis 1899, il va se rapprocher du syndicalisme r\u00e9volutionnaire majoritaire au sein de la CGT de l\u2019\u00e9poque (fond\u00e9e en 1895) et collabore \u00e0 la revue syndicaliste r\u00e9volutionnaire cr\u00e9\u00e9e par Pierre Monatte en 1909\u00a0<\/span><span style=\"font-family: Arial, serif;\"><i>: La vie ouvri\u00e8re<\/i><\/span><span style=\"font-family: Arial, serif;\">. Pendant la Premi\u00e8re Guerre mondiale, il fait partie de la minorit\u00e9 internationaliste hostile au ralliement g\u00e9n\u00e9ral \u00e0 l\u2019Union sacr\u00e9e (dont la CGT). En 1919, il rejoint l\u2019Internationale communiste. Il sera membre du Bureau politique du PCF en 1923 et 1924. Il est exclu du PCF en 1924 et cr\u00e9e avec Monatte <\/span><span style=\"font-family: Arial, serif;\"><i>La R\u00e9volution prol\u00e9tarienne<\/i><\/span><span style=\"font-family: Arial, serif;\"> en 1925, d\u2019abord \u00ab\u00a0revue syndicaliste-communiste\u00a0\u00bb, puis en 1930 \u00ab\u00a0revue syndicaliste r\u00e9volutionnaire\u00a0\u00bb, jusqu\u2019en 1939, pour reprendre en 1947. La revue para\u00eet encore aujourd\u2019hui. Il est aux \u00c9tats-Unis en juin 1940 au moment de la d\u00e9faite face \u00e0 l\u2019Allemagne nazie et y restera jusqu\u2019en 1946. En 1960, il signe le <\/span><span style=\"font-family: Arial, serif;\"><i>Manifeste des 121<\/i><\/span><span style=\"font-family: Arial, serif;\">, titr\u00e9 \u00ab\u00a0D\u00e9claration sur le droit \u00e0 l\u2019insoumission dans la guerre d\u2019Alg\u00e9rie\u00a0\u00bb. <a href=\"https:\/\/maitron.fr\/monatte-pierre-dit-lemont-pierre\/\">Pierre Monatte (1881-1960)<\/a>, fils d\u2019une dentelli\u00e8re et d\u2019un mar\u00e9chal ferrant-forgeron, fut employ\u00e9 de librairie, puis correcteur. Il s\u2019engage d\u2019abord dans des groupes anarchistes, puis rejoint la CGT en 1902 et son Comit\u00e9 conf\u00e9d\u00e9ral en 1904. Au congr\u00e8s international anarchiste d\u2019Amsterdam, en ao\u00fbt 1907, il d\u00e9fend le syndicalisme r\u00e9volutionnaire. Sympathisant de la R\u00e9volution bolchevique d\u00e8s 1917, il n\u2019adh\u00e9ra au PCF qu\u2019en 1923, fut membre de son Comit\u00e9 directeur en 1924 et exclu la m\u00eame ann\u00e9e comme Rosmer. Pendant la Deuxi\u00e8me Guerre mondiale, Monatte \u00e9tait en contact avec la R\u00e9sistance syndicale et le noyau de <\/span><span style=\"font-family: Arial, serif;\"><i>La R\u00e9volution prol\u00e9tarienne<\/i><\/span><span style=\"font-family: Arial, serif;\"> se r\u00e9unissait clandestinement tous les mois.<\/span><\/span><\/p>\n<\/div>\n<div id=\"sdfootnote14\">\n<p align=\"justify\"><span style=\"font-size: small;\"><a class=\"sdfootnotesym\" href=\"about:blank#sdfootnote14anc\" name=\"sdfootnote14sym\">14<\/a><span style=\"font-family: Arial, serif;\">\u00a0Marceau Pivert, \u00e0 la demande de <a href=\"https:\/\/maitron.fr\/blum-leon-andre\/\">L\u00e9on Blum (1872-1950)<\/a>, entre au secr\u00e9tariat de la pr\u00e9sidence du Conseil, comme charg\u00e9 de la presse, de la radio et du cin\u00e9ma en juin 1936, d\u00e9missionnant en mars 1937. Blum est Pr\u00e9sident du Conseil (du Conseil des ministres, c\u2019est-\u00e0-dire chef du gouvernement, appel\u00e9 aujourd\u2019hui Premier ministre) du Front populaire entre juin1936 et juin 1937. Il redevient chef du gouvernement en mars-avril 1938.<\/span><\/span><\/p>\n<\/div>\n<div id=\"sdfootnote15\">\n<p align=\"justify\"><span style=\"font-size: small;\"><a class=\"sdfootnotesym\" href=\"about:blank#sdfootnote15anc\" name=\"sdfootnote15sym\">15<\/a><span style=\"font-family: Arial, serif;\">\u00a0Dans D. Gu\u00e9rin, <\/span><span style=\"font-family: Arial, serif;\"><i>Front populaire, r\u00e9volution manqu\u00e9e. T\u00e9moignage militant<\/i><\/span><span style=\"font-family: Arial, serif;\"> [1re<\/span><span style=\"font-family: Arial, serif;\"> \u00e9d.\u00a0: 1963], Paris, \u00c9ditions Fran\u00e7ois Maspero, 1970. <a href=\"https:\/\/maitron.fr\/guerin-daniel-eugene-edmond\/\">Daniel Gu\u00e9rin (1904-1988)<\/a> collabore \u00e0 la revue syndicaliste r\u00e9volutionnaire <\/span><span style=\"font-family: Arial, serif;\"><i>La R\u00e9volution prol\u00e9tarienne<\/i><\/span><span style=\"font-family: Arial, serif;\"> de Pierre Monatte en 1930. Il rejoint la m\u00eame ann\u00e9e la SFIO, mais la quitte en 1931. Il r\u00e9adh\u00e8re \u00e0 la SFIO en 1935 et devient un des animateurs de La Gauche r\u00e9volutionnaire, puis s\u2019engage au PSOP \u00e0 partir de sa cr\u00e9ation en 1938, en se rapprochant de Trotsky (ce que lui reproche Ren\u00e9 Lefeuvre dans l\u2019entretien). Pendant l\u2019occupation nazie, il participa aux activit\u00e9s clandestines du Parti ouvrier internationaliste trotskyste \u00e0 Paris. Il entre au PSU (Parti socialiste unifi\u00e9), regroupant divers courants de la gauche non communiste oppos\u00e9s \u00e0 la guerre d\u2019Alg\u00e9rie, \u00e0 sa cr\u00e9ation en 1960. Il est un des signataires toujours en 1960 du<\/span><span style=\"font-family: Arial, serif;\"><i> Manifeste des 121<\/i><\/span><span style=\"font-family: Arial, serif;\"> appelant \u00e0 l\u2019insoumission dans la guerre d\u2019Alg\u00e9rie. Il fait para\u00eetre les livres <\/span><span style=\"font-family: Arial, serif;\"><i>L\u2019anarchisme<\/i><\/span><span style=\"font-family: Arial, serif;\"> en 1965 et <\/span><span style=\"font-family: Arial, serif;\"><i>Pour un marxisme libertaire<\/i><\/span><span style=\"font-family: Arial, serif;\"> en 1969. Il devient \u00e0 partir de l\u00e0 une des figures principales du communisme libertaire (engagements successifs dans le Mouvement communiste libertaire en 1969, l\u2019Organisation communiste libertaire en 1971, l\u2019Organisation r\u00e9volutionnaire anarchiste en 1973 et l\u2019Union des travailleurs communistes libertaires en 1980). Ses engagements anticolonialistes sont pr\u00e9coces, d\u00e8s la fin des ann\u00e9es 1920, et il est consid\u00e9r\u00e9 comme un pionnier du mouvement homosexuel en France.<\/span><\/span><\/p>\n<\/div>\n<div id=\"sdfootnote16\">\n<p align=\"justify\"><span style=\"font-size: small;\"><a class=\"sdfootnotesym\" href=\"about:blank#sdfootnote16anc\" name=\"sdfootnote16sym\">16<\/a><span style=\"font-family: Arial, serif;\">\u00a0<a href=\"https:\/\/maitron.fr\/bracke-alexandre-marie-desrousseaux-dit\/\">Alexandre Bracke (dit Desrousseaux, 1861-1955)<\/a> est le fils du chansonnier lillois Alexandre Desrousseau, auteur de <\/span><em><span style=\"font-family: Arial, serif;\">P\u2019tit Quinquin<\/span><\/em><span style=\"font-family: Arial, serif;\"> (Bracke est le nom de sa m\u00e8re). Il a eu un parcours universitaire dans le domaine de la philologie grecque. Devenu intellectuellement marxiste \u00e0 cause de sa lecture du <\/span><span style=\"font-family: Arial, serif;\"><i>Capital<\/i><\/span><span style=\"font-family: Arial, serif;\"> de Marx en 1886, il s\u2019engage dans le mouvement socialiste, puis \u00e0 la SFIO lors de sa cr\u00e9ation en 1905. Il en devint un d\u00e9put\u00e9 et un dirigeant.<\/span><\/span><\/p>\n<\/div>\n<div id=\"sdfootnote17\">\n<p align=\"justify\"><span style=\"font-size: small;\"><a class=\"sdfootnotesym\" href=\"about:blank#sdfootnote17anc\" name=\"sdfootnote17sym\">17<\/a><span style=\"font-family: Arial, serif;\">\u00a0<a href=\"https:\/\/maitron.fr\/faure-paul-emile-pseudonyme-brotteaux\/\">Paul Faure (1878-1960)<\/a> a \u00e9t\u00e9 secr\u00e9taire g\u00e9n\u00e9ral de la SFIO du congr\u00e8s de Tours de 1920 (qui voit la scission avec les communistes) \u00e0 1940. Il participe \u00e0 la Collaboration p\u00e9tainiste pendant la guerre. La R\u00e9sistance socialiste l\u2019exclue des rangs socialistes pendant la guerre, ce qui est confirm\u00e9 par la SFIO reconstitu\u00e9e en 1944.<\/span><\/span><\/p>\n<\/div>\n<div id=\"sdfootnote18\">\n<p align=\"justify\"><span style=\"font-size: small;\"><a class=\"sdfootnotesym\" href=\"about:blank#sdfootnote18anc\" name=\"sdfootnote18sym\">18<\/a><span style=\"font-family: Arial, serif;\">\u00a0Cit\u00e9 dans D. Gu\u00e9rin, <\/span><span style=\"font-family: Arial, serif;\"><i>Front populaire, r\u00e9volution manqu\u00e9e<\/i><\/span><span style=\"font-family: Arial, serif;\">, <\/span><span style=\"font-family: Arial, serif;\"><i>op. cit.<\/i><\/span><\/span><\/p>\n<\/div>\n<div id=\"sdfootnote19\">\n<p align=\"justify\"><span style=\"font-size: small;\"><a class=\"sdfootnotesym\" href=\"about:blank#sdfootnote19anc\" name=\"sdfootnote19sym\">19<\/a><span style=\"font-family: Arial, serif;\">\u00a0Dans J.-P. Rioux, <\/span><span style=\"font-family: Arial, serif;\"><i>R\u00e9volutionnaires du Front populaire. Choix de documents, 1935-1938<\/i><\/span><span style=\"font-family: Arial, serif;\">, Paris, 10-18, 1973\u00a0; le livre est disponible sur le site du collectif Archives Autonomies\u00a0!\u00a0: <a href=\"https:\/\/archivesautonomies.org\/IMG\/pdf\/syndrev\/reveil-syndicaliste-1938\/Rioux-Jean-Pierre-revolutionnaire-du-front-populaire.pdf\">https:\/\/archivesautonomies.org\/IMG\/pdf\/syndrev\/reveil-syndicaliste-1938\/Rioux-Jean-Pierre-revolutionnaire-du-front-populaire.pdf<\/a>.<\/span><\/span><\/p>\n<\/div>\n<div id=\"sdfootnote20\">\n<p align=\"justify\"><span style=\"font-size: small;\"><a class=\"sdfootnotesym\" href=\"about:blank#sdfootnote20anc\" name=\"sdfootnote20sym\">20<\/a><span style=\"font-family: Arial, serif;\">\u00a0D. Gu\u00e9rin, <\/span><span style=\"font-family: Arial, serif;\"><i>Front populaire, r\u00e9volution manqu\u00e9e<\/i><\/span><span style=\"font-family: Arial, serif;\">, <\/span><span style=\"font-family: Arial, serif;\"><i>op. cit.<\/i><\/span><\/span><\/p>\n<\/div>\n<div id=\"sdfootnote21\">\n<p align=\"justify\"><span style=\"font-size: small;\"><a class=\"sdfootnotesym\" href=\"about:blank#sdfootnote21anc\" name=\"sdfootnote21sym\">21<\/a><span style=\"font-family: Arial, serif;\">\u00a0J.-P. Rioux, <\/span><span style=\"font-family: Arial, serif;\"><i>R\u00e9volutionnaires du Front populaire<\/i><\/span><span style=\"font-family: Arial, serif;\">, <\/span><span style=\"font-family: Arial, serif;\"><i>op. cit.<\/i><\/span><\/span><\/p>\n<\/div>\n<div id=\"sdfootnote22\">\n<p align=\"justify\"><span style=\"font-size: small;\"><a class=\"sdfootnotesym\" href=\"about:blank#sdfootnote22anc\" name=\"sdfootnote22sym\">22<\/a><span style=\"font-family: Arial, serif;\">\u00a0<a href=\"https:\/\/maitron.fr\/audry-colette\/\">Colette Audry (1906-1990)<\/a>, professeure de lettres en lyc\u00e9e, a \u00e9t\u00e9 membre de la Gauche r\u00e9volutionnaire au sein de la SFIO, puis du PSOP. Durant l\u2019\u00e9t\u00e9 1936, elle partit pour l\u2019Espagne sur le front de l\u2019Ebre. Elle y rencontra des membres du POUM (Parti ouvrier d\u2019unification marxiste) et, de retour \u00e0 Paris pour la rentr\u00e9e scolaire, elle devint la correspondante fran\u00e7aise du journal du POUM et collabore activement \u00e0 sa version fran\u00e7aise, <\/span><span style=\"font-family: Arial, serif;\"><i>La R\u00e9volution espagnole<\/i><\/span><span style=\"font-family: Arial, serif;\"> (1936-1937). D\u00e9but 1937, Colette Audry fut l\u2019une des initiatrices du CASPE (Comit\u00e9 d\u2019action socialiste pour l\u2019Espagne) qui d\u00e9sapprouvait la politique de non-intervention pratiqu\u00e9e par L\u00e9on Blum et r\u00e9clamait la lev\u00e9e imm\u00e9diate de l\u2019embargo sur les armes. Pendant la guerre, elle participa \u00e0 la R\u00e9sistance dans la r\u00e9gion de Grenoble. Elle collabora \u00e0 la revue <\/span><span style=\"font-family: Arial, serif;\"><i>Les Temps Modernes<\/i><\/span><span style=\"font-family: Arial, serif;\"> fond\u00e9e par Jean-Paul Sartre, Maurice Merleau-Ponty et Simone de Beauvoir en 1945. Proche de Simone de Beauvoir, dont elle d\u00e9fendit <\/span><span style=\"font-family: Arial, serif;\"><i>Le deuxi\u00e8me sexe<\/i><\/span><span style=\"font-family: Arial, serif;\"> lors de sa parution en 1949, elle devint une militante f\u00e9ministe. En 1960, elle adh\u00e9ra au PSU. Elle participe \u00e0 la cr\u00e9ation du nouveau Parti socialiste au congr\u00e8s d\u2019Epinay de 1971. Elle est notamment l\u2019autrice d\u2019un stimulant livre de r\u00e9flexion \u00e9thique concernant le militantisme \u00e9mancipateur\u00a0: <\/span><a href=\"https:\/\/www.persee.fr\/doc\/assr_0335-5985_1978_num_46_2_2168_t1_0221_0000_2\"><span style=\"font-family: Arial, serif;\"><i>Les militants et leurs morales<\/i><\/span><\/a><span style=\"font-family: Arial, serif;\"> (Paris, Flammarion, 1976).<\/span><\/span><\/p>\n<\/div>\n<div id=\"sdfootnote23\">\n<p align=\"justify\"><span style=\"font-size: small;\"><a class=\"sdfootnotesym\" href=\"about:blank#sdfootnote23anc\" name=\"sdfootnote23sym\">23<\/a><span style=\"font-family: Arial, serif;\">\u00a0<a href=\"https:\/\/maitron.fr\/collinet-michel-paul-pseudonyme-sizoff-paul\/\">Michel Collinet (1904-1977)<\/a>\u00a0adh\u00e8re aux Jeunesses communistes en 1925, puis se rapproche rapidement des positions oppositionnelles. Il participe \u00e0 la fondation du journal <\/span><em><span style=\"font-family: Arial, serif;\">La V\u00e9rit\u00e9<\/span><\/em><span style=\"font-family: Arial, serif;\">, en ao\u00fbt 1929, et \u00e0 l\u2019organisation de la Ligue communiste qui regroupa les partisans de Trotsky \u00e0 partir d\u2019avril 1930, qu\u2019il quitta en avril 1931. En 1935, il rejoint la SFIO et devient un des fondateurs de la Gauche r\u00e9volutionnaire, puis du PSOP. \u00c0 la suite de plusieurs s\u00e9jours en Espagne \u00e0 partir de 1932, il devient membre du POUM en 1935 et fonde son journal en France <\/span><em><span style=\"font-family: Arial, serif;\">La R\u00e9volution espagnole<\/span><\/em><em><span style=\"font-family: Arial, serif;\"> (1936-1937). Sous l\u2019occupation nazie, il a particip\u00e9 activement \u00e0 la R\u00e9sistance.<\/span><\/em><\/span><\/p>\n<\/div>\n<div id=\"sdfootnote24\">\n<p align=\"justify\"><span style=\"font-size: small;\"><a class=\"sdfootnotesym\" href=\"about:blank#sdfootnote24anc\" name=\"sdfootnote24sym\">24<\/a><span style=\"font-family: Arial, serif;\">\u00a0<a href=\"https:\/\/maitron.fr\/longuet-jean-longuet-frederic-jean-laurent\/\">Jean Longuet (1876-1938)<\/a>\u00a0est un petit-fils de <a href=\"https:\/\/maitron.fr\/marx-karl\/\">Karl Marx (1818-1883)<\/a>, fils de Jenny Marx et Charles Longuet, n\u00e9 \u00e0 Londres. D\u00e8s 1894, il s\u2019engage au lyc\u00e9e dans le mouvement socialiste. Il est un des fondateurs de la SFIO en 1905. Il se situe \u00e0 gauche du Parti. \u00c0 partir de 1936, il participe aux campagnes internes \u00e0 la SFIO et externes contre la non-intervention en Espagne. Au congr\u00e8s de Marseille de la SFIO en juillet 1937, il d\u00e9clare\u00a0: \u00ab\u00a0<\/span><em><span style=\"font-family: Arial, serif;\">Je comprends le sentiment ardemment pacifiste de nos masses<\/span><\/em><i> <\/i><span style=\"font-family: Arial, serif;\">[\u2026], <\/span><em><span style=\"font-family: Arial, serif;\">mais la question est de savoir si nous maintiendrons la paix en permettant au fascisme international, au fascisme italien, au fascisme allemand, de conqu\u00e9rir sans cesse des positions fortes qui risquent de nous acculer demain \u00e0 la guerre, que nous aurions pu \u00e9viter alors qu\u2019ils eussent d\u00fb c\u00e9der<\/span><\/em><span style=\"font-family: Arial, serif;\"><i>.<\/i><\/span><span style=\"font-family: Arial, serif;\">\u00a0\u00bb<\/span><\/span><\/p>\n<\/div>\n<div id=\"sdfootnote25\">\n<p align=\"justify\"><span style=\"font-size: small;\"><a class=\"sdfootnotesym\" href=\"about:blank#sdfootnote25anc\" name=\"sdfootnote25sym\">25<\/a><span style=\"font-family: Arial, serif;\">\u00a0Le <a href=\"https:\/\/www.marxists.org\/francais\/poum\/works\/1936\/02\/poum_19360200.htm\">POUM (Parti ouvrier d\u2019unification marxiste)<\/a> est un parti marxiste espagnol, ind\u00e9pendant et antistalinien fond\u00e9 en 1935 \u00e0 Barcelone. Au cours de la guerre civile, il se retrouve souvent en alliance avec la CNT anarcho-syndicaliste espagnole (cr\u00e9\u00e9e en 1910) face aux attaques du Parti communiste espagnol. Les communistes staliniens espagnols obtiennent son interdiction en juin 1937 et font arr\u00eater ses principaux dirigeants. Sur ordre de Moscou, plusieurs sont tortur\u00e9s, voire ex\u00e9cut\u00e9s.<\/span><\/span><\/p>\n<\/div>\n<div id=\"sdfootnote26\">\n<p align=\"justify\"><span style=\"font-size: small;\"><a class=\"sdfootnotesym\" href=\"about:blank#sdfootnote26anc\" name=\"sdfootnote26sym\">26<\/a><span style=\"font-family: Arial, serif;\">\u00a0D. Gu\u00e9rin, <\/span><span style=\"font-family: Arial, serif;\"><i>Front populaire, r\u00e9volution manqu\u00e9e<\/i><\/span><span style=\"font-family: Arial, serif;\">, <\/span><span style=\"font-family: Arial, serif;\"><i>op. cit.<\/i><\/span><\/span><\/p>\n<\/div>\n<div id=\"sdfootnote27\">\n<p align=\"justify\"><span style=\"font-size: small;\"><a class=\"sdfootnotesym\" href=\"about:blank#sdfootnote27anc\" name=\"sdfootnote27sym\">27<\/a>\u00a0<span style=\"font-family: Arial, serif;\"><i>Ibid.<\/i><\/span> <\/span><\/p>\n<\/div>\n<div id=\"sdfootnote28\">\n<p align=\"justify\"><span style=\"font-size: small;\"><a class=\"sdfootnotesym\" href=\"about:blank#sdfootnote28anc\" name=\"sdfootnote28sym\">28<\/a>\u00a0<span style=\"font-family: Arial, serif;\"><i>Ibid.<\/i><\/span><\/span><\/p>\n<\/div>\n<div id=\"sdfootnote29\">\n<p align=\"justify\"><span style=\"font-size: small;\"><a class=\"sdfootnotesym\" href=\"about:blank#sdfootnote29anc\" name=\"sdfootnote29sym\">29<\/a><span style=\"font-family: Arial, serif;\">\u00a0J.-P. Rioux, <\/span><span style=\"font-family: Arial, serif;\"><i>R\u00e9volutionnaires du Front populaire<\/i><\/span><span style=\"font-family: Arial, serif;\">, <\/span><span style=\"font-family: Arial, serif;\"><i>op. cit.<\/i><\/span><\/span><\/p>\n<\/div>\n<div id=\"sdfootnote30\">\n<p align=\"justify\"><span style=\"font-size: small;\"><a class=\"sdfootnotesym\" href=\"about:blank#sdfootnote30anc\" name=\"sdfootnote30sym\">30<\/a><span style=\"font-family: Arial, serif;\">\u00a0D. Gu\u00e9rin, <\/span><span style=\"font-family: Arial, serif;\"><i>Front populaire, r\u00e9volution manqu\u00e9e<\/i><\/span><span style=\"font-family: Arial, serif;\">, <\/span><span style=\"font-family: Arial, serif;\"><i>op. cit.<\/i><\/span><\/span><\/p>\n<\/div>\n<div id=\"sdfootnote31\">\n<p align=\"justify\"><span style=\"font-size: small;\"><a class=\"sdfootnotesym\" href=\"about:blank#sdfootnote31anc\" name=\"sdfootnote31sym\">31<\/a><span style=\"font-family: Arial, serif;\">\u00a0Voir J.-P. Joubert, <\/span><span style=\"font-family: Arial, serif;\"><i>R\u00e9volutionnaires de la SFIO. Marceau Pivert et le pivertisme<\/i><\/span><span style=\"font-family: Arial, serif;\">, Paris, Presses de Sciences Po, 1977.<\/span><\/span><\/p>\n<\/div>\n<div id=\"sdfootnote32\">\n<p align=\"justify\"><span style=\"font-size: small;\"><a class=\"sdfootnotesym\" href=\"about:blank#sdfootnote32anc\" name=\"sdfootnote32sym\">32<\/a><span style=\"font-family: Arial, serif;\">\u00a0L\u2019expression \u00ab\u00a0la vieille maison\u00a0\u00bb pour d\u00e9signer la SFIO vient du <a href=\"https:\/\/clio-texte.clionautes.org\/leon-blum-au-congres-de-tours-1920.html\">discours de L\u00e9on Blum le 27 d\u00e9cembre 1920 au congr\u00e8s de Tours de la SFIO<\/a>, qui voit la scission entre la majorit\u00e9 communiste et la minorit\u00e9 socialiste. Blum lance\u00a0: \u00ab\u00a0Nous sommes convaincus, jusqu\u2019au fond de nous-m\u00eames, que, pendant que vous irez courir l\u2019aventure, il faut que quelqu\u2019un reste garder la vieille maison\u00a0\u00bb.<\/span><\/span><\/p>\n<\/div>\n<div id=\"sdfootnote33\">\n<p align=\"justify\"><span style=\"font-size: small;\"><a class=\"sdfootnotesym\" href=\"about:blank#sdfootnote33anc\" name=\"sdfootnote33sym\">33<\/a><span style=\"font-family: Arial, serif;\">\u00a0Guy Mollet, alors secr\u00e9taire g\u00e9n\u00e9ral de la SFIO aux r\u00e9f\u00e9rences \u00ab\u00a0marxistes\u00a0\u00bb, est Pr\u00e9sident du conseil du 1<\/span><sup><span style=\"font-family: Arial, serif;\">er<\/span><\/sup><span style=\"font-family: Arial, serif;\"> f\u00e9vrier 1956 au 12 juin 1957. Il poursuit la guerre coloniale en Alg\u00e9rie. Il obtient le vote des \u00ab\u00a0pouvoirs sp\u00e9ciaux\u00a0\u00bb, incluant une justice militaire exp\u00e9ditive, la l\u00e9galisation de camps d\u2019internement et l\u2019attribution aux militaires des pouvoirs de police. Par ailleurs, il double en six mois les effectifs militaires d\u00e9ploy\u00e9s sur place en envoyant le contingent (les jeunes faisant leur service militaire).<\/span><\/span><\/p>\n<\/div>\n<div id=\"sdfootnote34\">\n<p align=\"justify\"><span style=\"font-size: small;\"><a class=\"sdfootnotesym\" href=\"about:blank#sdfootnote34anc\" name=\"sdfootnote34sym\">34<\/a><span style=\"font-family: Arial, serif;\">\u00a0<a href=\"https:\/\/maitron.fr\/maspero-francois\/\">Fran\u00e7ois Maspero (1932-2015)<\/a> a cr\u00e9\u00e9 en 1959 les <a href=\"https:\/\/imec-archives.com\/matieres-premieres\/papiers\/histoires-d-editeurs\/les-petites-affiches\">\u00e9ditions Maspero<\/a> radicalement engag\u00e9es \u00e0 gauche, avec une pr\u00e9dominance des courants marxistes, et cela jusqu\u2019en 1982.<\/span><\/span><\/p>\n<\/div>\n<div id=\"sdfootnote34\"><\/div>\n","protected":false},"excerpt":{"rendered":"<p>La r\u00e9cente publication d\u2019une biographie \u00e9crite par Denis Heudr\u00e9, La v\u00e9ritable histoire d\u2019un petit gars mont\u00e9 \u00e0 Paris pour faire la R\u00e9volution. Ren\u00e9 Lefeuvre dans les combats du XXe si\u00e8cle (pr\u00e9face de Daniel Guerrier, Paris, \u00c9ditions &hellip; <\/p>\n","protected":false},"author":10,"featured_media":5866,"comment_status":"open","ping_status":"open","sticky":false,"template":"","format":"standard","meta":{"_jetpack_newsletter_access":"","_jetpack_dont_email_post_to_subs":false,"_jetpack_newsletter_tier_id":0,"_jetpack_memberships_contains_paywalled_content":false,"_jetpack_feature_clip_id":0,"_jetpack_memberships_contains_paid_content":false,"footnotes":"","jetpack_post_was_ever_published":false},"categories":[47,50],"tags":[],"class_list":["post-5861","post","type-post","status-publish","format-standard","has-post-thumbnail","hentry","category-histoire-des-idees","category-parcours"],"jetpack_sharing_enabled":true,"jetpack_shortlink":"https:\/\/wp.me\/pc9uqr-1wx","jetpack_featured_media_url":"https:\/\/i0.wp.com\/www.grand-angle-libertaire.net\/wp-content\/uploads\/2026\/08\/LeFeuvre.png?fit=500%2C317&ssl=1","_links":{"self":[{"href":"https:\/\/www.grand-angle-libertaire.net\/index.php?rest_route=\/wp\/v2\/posts\/5861","targetHints":{"allow":["GET"]}}],"collection":[{"href":"https:\/\/www.grand-angle-libertaire.net\/index.php?rest_route=\/wp\/v2\/posts"}],"about":[{"href":"https:\/\/www.grand-angle-libertaire.net\/index.php?rest_route=\/wp\/v2\/types\/post"}],"author":[{"embeddable":true,"href":"https:\/\/www.grand-angle-libertaire.net\/index.php?rest_route=\/wp\/v2\/users\/10"}],"replies":[{"embeddable":true,"href":"https:\/\/www.grand-angle-libertaire.net\/index.php?rest_route=%2Fwp%2Fv2%2Fcomments&post=5861"}],"version-history":[{"count":11,"href":"https:\/\/www.grand-angle-libertaire.net\/index.php?rest_route=\/wp\/v2\/posts\/5861\/revisions"}],"predecessor-version":[{"id":5874,"href":"https:\/\/www.grand-angle-libertaire.net\/index.php?rest_route=\/wp\/v2\/posts\/5861\/revisions\/5874"}],"wp:featuredmedia":[{"embeddable":true,"href":"https:\/\/www.grand-angle-libertaire.net\/index.php?rest_route=\/wp\/v2\/media\/5866"}],"wp:attachment":[{"href":"https:\/\/www.grand-angle-libertaire.net\/index.php?rest_route=%2Fwp%2Fv2%2Fmedia&parent=5861"}],"wp:term":[{"taxonomy":"category","embeddable":true,"href":"https:\/\/www.grand-angle-libertaire.net\/index.php?rest_route=%2Fwp%2Fv2%2Fcategories&post=5861"},{"taxonomy":"post_tag","embeddable":true,"href":"https:\/\/www.grand-angle-libertaire.net\/index.php?rest_route=%2Fwp%2Fv2%2Ftags&post=5861"}],"curies":[{"name":"wp","href":"https:\/\/api.w.org\/{rel}","templated":true}]}}